{"id":1020,"date":"2020-12-08T22:48:05","date_gmt":"2020-12-08T21:48:05","guid":{"rendered":"http:\/\/www.famigliaaperta.it\/it\/?p=1020"},"modified":"2022-03-10T14:15:12","modified_gmt":"2022-03-10T13:15:12","slug":"una-nuova-bibbiano-in-lunigiana","status":"publish","type":"post","link":"https:\/\/www.famigliaaperta.it\/it\/2020\/12\/08\/una-nuova-bibbiano-in-lunigiana\/","title":{"rendered":"Una nuova Bibbiano in Lunigiana?"},"content":{"rendered":"<p>Famiglia Aperta, in attesa che il quadro sia pi\u00f9 completo e che la magistratura si esprima sul caso, pensa sia opportuno fare alcune considerazioni per quanto accaduto nei giorno scorsi in Lunigiana.<\/p>\n<p>L&#8217;<strong>affidamento familiare<\/strong> \u00e8 la prima scelta da percorrere e l&#8217;opzione pi\u00f9 auspicabile per i bambini, in quanto ricrea l&#8217;<strong>ambiente relazionale<\/strong> di cui hanno bisogno,<\/p>\n<p>Ci sono per\u00f2 situazioni cos\u00ec complesse per le quali sono necessarie anche <strong>competenze specifiche<\/strong> che le famiglie, con tutta la buona volont\u00e0, non possono mettere in campo, In questi casi l&#8217;<strong>inserimento in una Comunit\u00e0 a dimensione familiare<\/strong> \u00e8 il supporto migliore che si possa offrire a ragazzi, spesso adolescenti, con disagi difficilmente gestibili in <strong>contesti non professionali<\/strong>.<\/p>\n<p style=\"text-align: left;\">Inoltre \u00e8 sempre pi\u00f9 <strong>difficile reperire nuove famiglie affidatarie<\/strong> a causa anche dei cambiamenti sociali degli ultimi anni. Quello che \u00e8 successo nelle case di accoglienza in Lunigiana crea <strong>gravi danni<\/strong> prima di tutto ai <strong>ragazzi coinvolti<\/strong>, ma anche alle numerose <strong>Comunit\u00e0 familiari<\/strong> che si impegnano mettendo in campo non solo le <strong>professionalit\u00e0<\/strong>, ma anche il <strong>coinvolgimento affettivo<\/strong> ed emotivo sia degli operatori che dei volontari che spesso sostengono il loro lavoro.<\/p>\n<p>Ecco il dettaglio dei fatti deplorevoli sull&#8217;articolo di oggi de L&#8217;Avvenire che, purtroppo, evidenzia analogie con le note vicende di Bibbiano.<\/p>\n<p><a href=\"http:\/\/www.famigliaaperta.it\/it\/wp-content\/uploads\/2020\/12\/Avvenire.jpg\"><img decoding=\"async\" loading=\"lazy\" class=\"alignnone size-full wp-image-1024\" src=\"http:\/\/www.famigliaaperta.it\/it\/wp-content\/uploads\/2020\/12\/Avvenire.jpg\" alt=\"\" width=\"767\" height=\"593\" srcset=\"https:\/\/www.famigliaaperta.it\/it\/wp-content\/uploads\/2020\/12\/Avvenire.jpg 767w, https:\/\/www.famigliaaperta.it\/it\/wp-content\/uploads\/2020\/12\/Avvenire-300x232.jpg 300w, https:\/\/www.famigliaaperta.it\/it\/wp-content\/uploads\/2020\/12\/Avvenire-676x523.jpg 676w\" sizes=\"(max-width: 767px) 100vw, 767px\" \/><\/a>Riportiamo e condividiamo in pieno le parole di Luciana Checcucci per il Coordinamento toscano UBI MINOR, in linea con il pensiero di Famiglia Aperta<\/p>\n<blockquote><p><em><span style=\"font-weight: 400;\">La lettura di alcuni articoli sulla stampa relativi alla orrenda risposta data dai servizi sociali ai bisogni di famiglie e persone minori fragili mi spinge ad alcune riflessioni.\u00a0<\/span><\/em><\/p>\n<p><em><span style=\"font-weight: 400;\">La prima concerne la consuetudine di <strong>eludere la legge sull\u2019adozione e l\u2019affidamento<\/strong> che chiaramente indica per ogni minore il <strong>diritto a crescere in famiglia<\/strong> e, l\u00e0 dove questo non sia possibile, in una famiglia debitamente formata che lo accolga e accompagni per il periodo necessario al ristabilirsi di condizioni sufficientemente buone nella sua famiglia naturale. Soltanto in maniera residuale \u00e8 permessa l\u2019accoglienza in strutture e di tipo famigliare.\u00a0<\/span><\/em><\/p>\n<p><em><span style=\"font-weight: 400;\">La seconda riguarda il fatto che per attuare quanto normato servono <strong>risorse<\/strong> per strutturare, in maniera non lacunosa nel territorio, i <strong>Centri affido<\/strong> e dotarli delle <strong>figure professionali<\/strong> necessarie all\u2019espletamento delle loro funzioni.\u00a0<\/span><\/em><\/p>\n<p><em><span style=\"font-weight: 400;\">Una fra le funzioni pi\u00f9 trascurate dai Centri affido \u00e8 proprio quella della <strong>promozione dei contenuti e delle procedure affermate dalla legge<\/strong> in <strong>tutela<\/strong> delle persone <strong>minori<\/strong> di et\u00e0: se la comunit\u00e0 non \u00e8 stimolata a <strong>conoscere e capire la rilevanza dell\u2019Istituto dell\u2019affidamento<\/strong>, difficilmente si perverr\u00e0 a costituire un gruppo di persone disponibili e preparate a sostenere la crescita in famiglia dei minori che ne hanno bisogno. Questo primo anello mancante della catena di protezione induce a ricorrere con troppa leggerezza all\u2019inserimento in comunit\u00e0, dando spesso giustificazioni legate all\u2019emergenza.<\/span><\/em><\/p>\n<p><em>Anche l\u2019esplorazione del territorio di competenza, alla ricerca del bisogno che esprime non ha\u00a0 risorse sufficienti e, spesso, si arriva all\u2019intervento di <strong>protezione<\/strong> soltanto quando le condizioni personali \u201cmalate\u201d di ciascuno dei componenti la famiglia sono eclatanti, le relazioni sono gravemente deteriorate e le dinamiche familiari cos\u00ec consolidate da richiedere un lavoro intenso per essere disciolte.\u00a0 \u00a0 \u00a0 \u00a0 \u00a0 \u00a0 \u00a0 \u00a0 \u00a0 \u00a0 \u00a0 \u00a0 \u00a0 \u00a0 \u00a0 \u00a0 \u00a0<\/em><\/p>\n<p><em><span style=\"font-weight: 400;\">Fin qui siamo soltanto all&#8217;azione di <strong>prevenzione<\/strong>. Quando si arriva, finalmente, ad occuparsi del minore in condizione di bisogno e della sua famiglia naturale si vede che non tutti i territori hanno il loro Centro affidi e allora operano, in una solitudine pi\u00f9 o meno profonda, gli <strong>Assistenti sociali<\/strong>. La <strong>solitudine<\/strong> per l\u2019operatore \u00e8 la sua pi\u00f9 grande <strong>fatica<\/strong>. E\u2019 una condizione di lavoro che va assolutamente superata perch\u00e9 anche soltanto la <strong>condivisione e il confronto con altre figure professionali<\/strong> possono aprire la strada per un affidamento che riuscir\u00e0 nel suo intento di tenere in famiglia un bambino o un ragazzo. Dopo l\u2019affidamento seguono la realizzazione del progetto e il suo monitoraggio. <strong>Chi star\u00e0 vicino alle famiglie coinvolte nel progetto?<\/strong> In molti dei Centri affido <strong>mancano le necessarie figure professionali<\/strong> e parliamo di assistente sociale, psicologo, educatore dedicati. <strong>Dedicati<\/strong> perch\u00e9 <strong>svolgono il loro compito in maniera<\/strong>, oltre che <strong>competente<\/strong>, <strong>continuativa<\/strong>, che diventano conoscenti veri delle persone che stanno accompagnando.\u00a0<\/span><\/em><\/p>\n<p><em><span style=\"font-weight: 400;\">La seconda riflessione riguarda gli <strong>organizzatori ad alto livello<\/strong> di questo servizio di tutela e la loro <strong>incapacit\u00e0 di essere efficaci e puntuali nel controllo di come le loro leggi e procedure vengono attuate<\/strong>. La mia ipotesi \u00e8 che non siano ben considerati rapporti fra necessit\u00e0 e risorse attribuite, considerando fra le risorse anche la selezione del personale impiegato.\u00a0<\/span><\/em><\/p>\n<p><em><span style=\"font-weight: 400;\">La terza ed ultima riflessione considera che contro i <strong>malfattori<\/strong>, che hanno fatto la scelta di essere <strong>indifferenti al bene comune<\/strong> e che, anzi, il senso civico non sanno neppure cosa sia, con difficolt\u00e0 si potranno ottenere definitive vittorie. Per\u00f2 sarebbe auspicabile che avessero <strong>giuste condanne<\/strong> e poca visibilit\u00e0 e che invece questa <strong>visibilit\u00e0<\/strong> fosse per le moltissime <strong>persone<\/strong> che <strong>agiscono<\/strong> non solo <strong>nel rispetto della legge<\/strong>, ma che <strong>si mettono in gioco con le loro competenze genitoriali<\/strong> per essere insieme ai bambini e ai ragazzi che hanno bisogno di <strong>una famiglia <\/strong><\/span><span style=\"font-weight: 400;\"><strong>per crescere.<\/strong><\/span><\/em><\/p><\/blockquote>\n","protected":false},"excerpt":{"rendered":"<p>Famiglia Aperta, in attesa che il quadro sia pi\u00f9 completo e che la magistratura si esprima sul caso, pensa sia opportuno fare alcune considerazioni per quanto accaduto nei giorno scorsi in Lunigiana. L&#8217;affidamento familiare \u00e8 la prima scelta da percorrere e l&#8217;opzione pi\u00f9 auspicabile per i bambini, in quanto ricrea l&#8217;ambiente relazionale di cui hanno &hellip; <a href=\"https:\/\/www.famigliaaperta.it\/it\/2020\/12\/08\/una-nuova-bibbiano-in-lunigiana\/\" class=\"more-link\">Leggi tutto <span class=\"screen-reader-text\">Una nuova Bibbiano in Lunigiana?<\/span><\/a><\/p>\n","protected":false},"author":1,"featured_media":0,"comment_status":"closed","ping_status":"open","sticky":false,"template":"","format":"standard","meta":[],"categories":[1],"tags":[26,3,117],"_links":{"self":[{"href":"https:\/\/www.famigliaaperta.it\/it\/wp-json\/wp\/v2\/posts\/1020"}],"collection":[{"href":"https:\/\/www.famigliaaperta.it\/it\/wp-json\/wp\/v2\/posts"}],"about":[{"href":"https:\/\/www.famigliaaperta.it\/it\/wp-json\/wp\/v2\/types\/post"}],"author":[{"embeddable":true,"href":"https:\/\/www.famigliaaperta.it\/it\/wp-json\/wp\/v2\/users\/1"}],"replies":[{"embeddable":true,"href":"https:\/\/www.famigliaaperta.it\/it\/wp-json\/wp\/v2\/comments?post=1020"}],"version-history":[{"count":14,"href":"https:\/\/www.famigliaaperta.it\/it\/wp-json\/wp\/v2\/posts\/1020\/revisions"}],"predecessor-version":[{"id":1035,"href":"https:\/\/www.famigliaaperta.it\/it\/wp-json\/wp\/v2\/posts\/1020\/revisions\/1035"}],"wp:attachment":[{"href":"https:\/\/www.famigliaaperta.it\/it\/wp-json\/wp\/v2\/media?parent=1020"}],"wp:term":[{"taxonomy":"category","embeddable":true,"href":"https:\/\/www.famigliaaperta.it\/it\/wp-json\/wp\/v2\/categories?post=1020"},{"taxonomy":"post_tag","embeddable":true,"href":"https:\/\/www.famigliaaperta.it\/it\/wp-json\/wp\/v2\/tags?post=1020"}],"curies":[{"name":"wp","href":"https:\/\/api.w.org\/{rel}","templated":true}]}}