{"id":1066,"date":"2020-12-27T19:34:51","date_gmt":"2020-12-27T18:34:51","guid":{"rendered":"http:\/\/www.famigliaaperta.it\/it\/?p=1066"},"modified":"2022-03-10T14:04:54","modified_gmt":"2022-03-10T13:04:54","slug":"ringraziamenti-dalla-caritas","status":"publish","type":"post","link":"https:\/\/www.famigliaaperta.it\/it\/2020\/12\/27\/ringraziamenti-dalla-caritas\/","title":{"rendered":"Ringraziamenti dalla Caritas"},"content":{"rendered":"<p>Abbiamo ricevuto i ringraziamenti dalla <strong>Caritas diocesana di Pisa<\/strong> per l&#8217;iniziativa di quest&#8217;anno in occasione del Natale.<\/p>\n<p><a href=\"http:\/\/www.famigliaaperta.it\/it\/2020\/12\/20\/auguri-di-buone-feste-3\/\" target=\"_blank\" rel=\"noopener\">Il gesto di di <strong>solidariet\u00e0<\/strong><\/a>\u00a0di Famiglia Aperta nei confronti di\u00a0tante <strong>famiglie con bambini in difficolt\u00e0 <\/strong>\u00e8 arrivato anche all&#8217;Arcivescovo.<\/p>\n<p>Abbiamo donato <strong><em>cesti natalizi<\/em><\/strong>, preparati dal Chicco di Senape e distribuiti tramite la Caritas, alcune parrocchie e realt\u00e0 territoriali a <strong>famiglie con minori<\/strong> per poter rendere pi\u00f9 \u201c<em>dolce<\/em>\u201d la festa del Natale.<\/p>\n<blockquote>\n<p style=\"text-align: center;\"><strong>GRAZIE!<\/strong><\/p>\n<p><strong>\u00a0<\/strong><em>\u201cQueste dunque le tre cose che rimangono: la fede, la speranza e la carit\u00e0; ma di tutte pi\u00f9 grande \u00e8 la carit\u00e0!\u201d (1Cor 13,13)<\/em><\/p>\n<p>Carissima,<\/p>\n<p>ti scriviamo per ringraziare te e la tua Associazione del dono di \u201c<em>50 ceste natalizie<\/em>\u201d confezionate con cura e attenzione dal Chicco di Senape, che ci avete fatto pervenire in occasione del Natale.<\/p>\n<p>Li abbiamo gi\u00e0 distribuiti ad altrettante <strong>famiglie con minori <\/strong>che in questo modo hanno potuto rendere pi\u00f9 \u201c<em>dolce<\/em>\u201d la festa del Natale.<\/p>\n<p>Vi ringraziamo perch\u00e9 avete creduto nel nostro stile, nei nostri mezzi, e confidate nella nostra continua ricerca di promozione di qualsiasi essere umano.<\/p>\n<p>Siamo felici che tante persone come voi si accorgano che molte famiglie hanno bisogno della condivisione di quello che abbiamo e di quello che siamo per vivere un Natale pi\u00f9 vero.<\/p>\n<p>Nei giorni scorsi abbiamo condiviso anche con l&#8217;Arcivescovo il significato del vostro dono, ed il valore aggiunto della scelta di prodotti del commercio equo e solidale e anche lui si unisce al nostro ringraziamento.<\/p>\n<p>Riconoscenti, assicuriamo la nostra preghiera per te e la tua associazione al Dio della vita.<\/p><\/blockquote>\n<p>Ecco <a href=\"http:\/\/www.famigliaaperta.it\/it\/wp-content\/uploads\/2020\/12\/Ringraziamenti-Famiglia-Aperta-Natale-2020.pdf\" target=\"_blank\" rel=\"noopener\">qui<\/a> il testo completo della lettera di ringraziamento che il Direttore Emanuele Morelli ha inviato a Famiglia Aperta,<\/p>\n<p>&nbsp;<\/p>\n","protected":false},"excerpt":{"rendered":"<p>Abbiamo ricevuto i ringraziamenti dalla Caritas diocesana di Pisa per l&#8217;iniziativa di quest&#8217;anno in occasione del Natale. Il gesto di di solidariet\u00e0\u00a0di Famiglia Aperta nei confronti di\u00a0tante famiglie con bambini in difficolt\u00e0 \u00e8 arrivato anche all&#8217;Arcivescovo. Abbiamo donato cesti natalizi, preparati dal Chicco di Senape e distribuiti tramite la Caritas, alcune parrocchie e realt\u00e0 territoriali &hellip; <a href=\"https:\/\/www.famigliaaperta.it\/it\/2020\/12\/27\/ringraziamenti-dalla-caritas\/\" class=\"more-link\">Leggi tutto <span class=\"screen-reader-text\">Ringraziamenti dalla Caritas<\/span><\/a><\/p>\n","protected":false},"author":1,"featured_media":0,"comment_status":"closed","ping_status":"open","sticky":false,"template":"","format":"standard","meta":[],"categories":[1],"tags":[117],"_links":{"self":[{"href":"https:\/\/www.famigliaaperta.it\/it\/wp-json\/wp\/v2\/posts\/1066"}],"collection":[{"href":"https:\/\/www.famigliaaperta.it\/it\/wp-json\/wp\/v2\/posts"}],"about":[{"href":"https:\/\/www.famigliaaperta.it\/it\/wp-json\/wp\/v2\/types\/post"}],"author":[{"embeddable":true,"href":"https:\/\/www.famigliaaperta.it\/it\/wp-json\/wp\/v2\/users\/1"}],"replies":[{"embeddable":true,"href":"https:\/\/www.famigliaaperta.it\/it\/wp-json\/wp\/v2\/comments?post=1066"}],"version-history":[{"count":3,"href":"https:\/\/www.famigliaaperta.it\/it\/wp-json\/wp\/v2\/posts\/1066\/revisions"}],"predecessor-version":[{"id":1070,"href":"https:\/\/www.famigliaaperta.it\/it\/wp-json\/wp\/v2\/posts\/1066\/revisions\/1070"}],"wp:attachment":[{"href":"https:\/\/www.famigliaaperta.it\/it\/wp-json\/wp\/v2\/media?parent=1066"}],"wp:term":[{"taxonomy":"category","embeddable":true,"href":"https:\/\/www.famigliaaperta.it\/it\/wp-json\/wp\/v2\/categories?post=1066"},{"taxonomy":"post_tag","embeddable":true,"href":"https:\/\/www.famigliaaperta.it\/it\/wp-json\/wp\/v2\/tags?post=1066"}],"curies":[{"name":"wp","href":"https:\/\/api.w.org\/{rel}","templated":true}]}}