{"id":1143,"date":"2021-06-25T17:40:09","date_gmt":"2021-06-25T15:40:09","guid":{"rendered":"http:\/\/www.famigliaaperta.it\/it\/?p=1143"},"modified":"2022-03-10T14:03:30","modified_gmt":"2022-03-10T13:03:30","slug":"verbale-assemblea-del-20-giugno","status":"publish","type":"post","link":"https:\/\/www.famigliaaperta.it\/it\/2021\/06\/25\/verbale-assemblea-del-20-giugno\/","title":{"rendered":"Verbale Assemblea del 20 giugno"},"content":{"rendered":"<p>Alle 17,30 sono presenti 35 soci di cui 15 per delega. Si allega il foglio firme di presenza. ODG<\/p>\n<ul>\n<li>approvazione del <strong>bilancio <\/strong>e rendiconto della situazione contabile per il 2020;<\/li>\n<li>situazione casa Famiglia;<\/li>\n<li>\u201c<strong>Murales<\/strong>\u201d sul tema affido presso il muro di Santa Croce in Fossabanda, realizzati dai ragazzi del Liceo Russoli<\/li>\n<li>situazione gruppi di informazioni e formazione,<\/li>\n<li>Varie ed eventuali<\/li>\n<\/ul>\n<p>Anna, attuale Presidente, dopo aver <strong>presentato il nuovo direttivo<\/strong> e la Casa di Caprona per i nuovi intervenuti, apre la discussione sui diversi punti all\u2019ODG, cominciando dal Bilancio.<\/p>\n<p>P<strong>unto 1<\/strong>: Viene fornito agli associati presenti copia del bilancio affinch\u00e9 ne prendano visione per l\u2019approvazione.<\/p>\n<p>Giuseppe Salerno espone nel dettaglio la <strong>situazione patrimoniale e finanziari<\/strong>a, precisando che c\u2019\u00e8 un unico conto corrente su cui tutto risulta tracciato.<\/p>\n<p>Il motivo principale del consistente avanzo nel <strong>bilancio 2020<\/strong> \u00e8 dovuto al fatto che nella Casa famiglia di Caprona, che pu\u00f2 accogliere fino a 6 ragazzi, oggi siamo al completo e i servizi stanno pagando puntualmente.<\/p>\n<p>La nostra associazione sostiene con atti di liberalit\u00e0 l\u2019Associazione AFA, che si occupa di affido in Brasile.<\/p>\n<p>Il bilancio viene<strong> approvato all\u2019unanimit\u00e0<\/strong> dei presenti.<\/p>\n<p>Propone poi di delegare al Direttivo la nomina di un Organo di controllo, anche monocratico, nel caso in cui si superasse il limite previsto in materia dalla legge.<\/p>\n<p>La proposta \u00e8 approvata all\u2019unanimit\u00e0.<\/p>\n<p>P<strong>unto 2<\/strong>: Simone Ciulla, psicologo e coordinatore della Comunit\u00e0, espone la situazione della <strong>Casa famiglia di Capron<\/strong>a.<\/p>\n<p>Oggi \u00e8 al completo, ma entro settembre forse due ragazzi torneranno in famiglia o dagli zii.<\/p>\n<p>La situazione <strong>con la pandemia \u00e8 stata molto dura<\/strong>, per l\u2019isolamento al quale i ragazzi non erano abituati, ma oggi il clima \u00e8 buono e si sta tornando lentamente alla normalit\u00e0 con i campi solari e le vacanze in un villaggio al mare.<\/p>\n<p>P<strong>unto 3<\/strong>: Vengono esposti i<strong> bozzetti per i Murales preparati dai ragazzi dell\u2019Istituto Russoli<\/strong> di Pisa e viene chiesto ai soci di esprimere il loro gradimento.<\/p>\n<p>Il murales scelto, a seguito anche del confronto con il Centro Affidi e con il Comune di Pisa, verr\u00e0 esposto in Fossa Banda, su pannelli di legno spostabili e sugli autobus.<\/p>\n<p>Gli altri disegni verranno utilizzati per cartoline, segnalibri o magliette.<\/p>\n<p>P<strong>unto 4<\/strong>: Giorgia espone la situazione degli <strong>incontri con i gruppi di in-formazione<\/strong> per nuove famiglie disponibili ad affidi part-time o full-time.<\/p>\n<p>La situazione con la pandemia \u00e8 stata difficile. Sono stati attivati 2 corsi on line per la formazione di 9 famiglie interessate all\u2019affido.<\/p>\n<p>Da questi 2 gruppi sono nati <strong>4 affidi part-tim<\/strong>e.<\/p>\n<p>Il Centro affidi ci chiede<strong> supporto<\/strong> anche per gli <strong>affidi full-tim<\/strong>e.<\/p>\n<p>Pietro afferma che i gruppi tra famiglie affidatarie stanno funzionando in quanto abbiamo una buona presenza. La modalit\u00e0 on-line, in questo caso, invece di peggiorare la situazione ha a<strong>umentato il numero dei partecipant<\/strong>i.<\/p>\n<p>C\u2019\u00e8 <strong>carenza di famiglie al Centro affidi<\/strong> e questo ci viene spesso ribadito, infatti in questi ultimi mesi ci siamo attivati, per la prima volta, con annunci per la ricerca di famiglie per affidi a tempo pieno.<\/p>\n<p>Pietro ritiene che buona parte delle <strong>difficolt\u00e0<\/strong> che stiamo registrando nel rilancio dell&#8217;affido familiare, siano dovute alla<strong> scelta politica<\/strong> avviata qualche anno fa, di dare in <strong>appalto i servizi per i minori ad un ente esterno<\/strong>. Questa scelta sta determinando almeno due gravi conseguenze, la perdita di riferimenti istituzionali certi e raggiungibili e un grado di turn over tra gli Operatori che non si sbaglia a definire insostenibile.<\/p>\n<p>\u00c9 giusto per\u00f2 sottolineare che in questa fase storica, il <strong>Centro Affidi di Pisa vede un organico dedicato completo e funzionale<\/strong>, infatti oltre alla Coordinatrice Assistente Sociale e a tre figure educative \u00e8 presente una Psicologa dedicata, questa presenza \u00e8 stata rivendicata senza successo da sempre anche da F.A. ed ora \u00e8 una realt\u00e0 operativa. Anche la programmazione, ormai consolidata, di un incontro mensile tra Centro Affidi ed Associazione, sembra essere diventata una buona prassi destinata a generare buoni frutti nel medio e lungo periodo.<\/p>\n<p><strong>Punto5 (Varie ed eventuali):<\/strong><\/p>\n<ul>\n<li>Sono necessari <strong>linguaggi nuovi e nuovi metodi di comunicazione<\/strong>. La pagina Facebook funziona e tanta gente arriva a conoscere l\u2019Associazione anche da l\u00ec, grazie all\u2019impegno di Antonietta che si occupa anche del Sito di Famiglia<\/li>\n<li>Il <strong>Centro affidi ed il Servizio Sociale<\/strong> ci hanno chiesto di organizzare <strong>insieme un seminario<\/strong> in autunno sul tema dei ragazzi in uscita dai percorsi di accoglienza (affido familiare e comunit\u00e0 d&#8217;accoglienza), e pensare a nuovi progetti per e verso l&#8217;autonomia. Abbiamo avuto un primo incontro con l\u2019associazione \u201cAgevolando\u201d, che si occupa di queste problematiche a livello nazionale.<\/li>\n<li>L\u2019azienda Imagicle ha lanciato il progetto \u201c<strong>Rainbow<\/strong>\u201d con lo stanziamento di <strong>fondi per aiutare varie associazioni<\/strong>. L\u2019azienda ha deciso di aiutare Famiglia Aperta con una donazione in denaro, per l\u2019acquisto di 4 computer. Tre dipendenti si sono offerti per fare 2 corsi per ragazzi e per adulti sui temi della conoscenza delle nuove tecnologie e l\u2019implementazione dei sistemi di sicurezza e controllo.<\/li>\n<li>Pietro ricorda che alla fine dello scorso anno \u00e8 stato presentato alla Societ\u00e0 della salute il progetto \u201c<strong>Famiglie ponte<\/strong>\u201d per bambini Abbiamo saputo poi che il Tribunale dei minori lo ha accolto. Adesso vanno individuate e preparate le famiglie perch\u00e9 il progetto venga portato avanti<\/li>\n<\/ul>\n<p><a href=\"http:\/\/www.famigliaaperta.it\/it\/wp-content\/uploads\/2021\/06\/Verbale-assemblea-20-giugno-2021.pdf\">Verbale assemblea 20 giugno 2021<\/a><\/p>\n<p>L\u2019assemblea finisce alle ore 19:30<\/p>\n<p>Verbalizza\u00a0\u00a0\u00a0\u00a0\u00a0\u00a0\u00a0\u00a0\u00a0\u00a0\u00a0\u00a0\u00a0\u00a0\u00a0\u00a0\u00a0\u00a0\u00a0\u00a0\u00a0\u00a0\u00a0\u00a0\u00a0\u00a0\u00a0\u00a0\u00a0\u00a0\u00a0\u00a0\u00a0\u00a0\u00a0\u00a0\u00a0\u00a0\u00a0\u00a0\u00a0\u00a0\u00a0\u00a0\u00a0\u00a0\u00a0\u00a0\u00a0\u00a0\u00a0\u00a0\u00a0\u00a0\u00a0\u00a0\u00a0\u00a0\u00a0\u00a0\u00a0\u00a0\u00a0\u00a0\u00a0\u00a0\u00a0\u00a0\u00a0\u00a0\u00a0\u00a0\u00a0\u00a0\u00a0\u00a0\u00a0\u00a0\u00a0\u00a0\u00a0\u00a0\u00a0\u00a0\u00a0\u00a0\u00a0\u00a0\u00a0\u00a0\u00a0\u00a0\u00a0\u00a0\u00a0 Il Presidente<\/p>\n<p>Flavia Casarosa\u00a0 \u00a0 \u00a0 \u00a0 \u00a0 \u00a0 \u00a0 \u00a0 \u00a0 \u00a0 \u00a0 \u00a0 \u00a0 \u00a0 \u00a0 \u00a0 \u00a0 \u00a0 \u00a0 \u00a0 \u00a0 \u00a0 \u00a0 \u00a0 \u00a0 \u00a0 \u00a0 \u00a0 \u00a0 \u00a0 \u00a0 \u00a0 \u00a0 \u00a0 \u00a0 \u00a0 \u00a0 \u00a0 \u00a0Anna Maria D\u2019Antona<\/p>\n","protected":false},"excerpt":{"rendered":"<p>Alle 17,30 sono presenti 35 soci di cui 15 per delega. Si allega il foglio firme di presenza. ODG approvazione del bilancio e rendiconto della situazione contabile per il 2020; situazione casa Famiglia; \u201cMurales\u201d sul tema affido presso il muro di Santa Croce in Fossabanda, realizzati dai ragazzi del Liceo Russoli situazione gruppi di informazioni &hellip; <a href=\"https:\/\/www.famigliaaperta.it\/it\/2021\/06\/25\/verbale-assemblea-del-20-giugno\/\" class=\"more-link\">Leggi tutto <span class=\"screen-reader-text\">Verbale Assemblea del 20 giugno<\/span><\/a><\/p>\n","protected":false},"author":1,"featured_media":0,"comment_status":"closed","ping_status":"open","sticky":false,"template":"","format":"standard","meta":[],"categories":[1],"tags":[117],"_links":{"self":[{"href":"https:\/\/www.famigliaaperta.it\/it\/wp-json\/wp\/v2\/posts\/1143"}],"collection":[{"href":"https:\/\/www.famigliaaperta.it\/it\/wp-json\/wp\/v2\/posts"}],"about":[{"href":"https:\/\/www.famigliaaperta.it\/it\/wp-json\/wp\/v2\/types\/post"}],"author":[{"embeddable":true,"href":"https:\/\/www.famigliaaperta.it\/it\/wp-json\/wp\/v2\/users\/1"}],"replies":[{"embeddable":true,"href":"https:\/\/www.famigliaaperta.it\/it\/wp-json\/wp\/v2\/comments?post=1143"}],"version-history":[{"count":3,"href":"https:\/\/www.famigliaaperta.it\/it\/wp-json\/wp\/v2\/posts\/1143\/revisions"}],"predecessor-version":[{"id":1147,"href":"https:\/\/www.famigliaaperta.it\/it\/wp-json\/wp\/v2\/posts\/1143\/revisions\/1147"}],"wp:attachment":[{"href":"https:\/\/www.famigliaaperta.it\/it\/wp-json\/wp\/v2\/media?parent=1143"}],"wp:term":[{"taxonomy":"category","embeddable":true,"href":"https:\/\/www.famigliaaperta.it\/it\/wp-json\/wp\/v2\/categories?post=1143"},{"taxonomy":"post_tag","embeddable":true,"href":"https:\/\/www.famigliaaperta.it\/it\/wp-json\/wp\/v2\/tags?post=1143"}],"curies":[{"name":"wp","href":"https:\/\/api.w.org\/{rel}","templated":true}]}}