{"id":1280,"date":"2022-06-21T19:29:58","date_gmt":"2022-06-21T17:29:58","guid":{"rendered":"http:\/\/www.famigliaaperta.it\/it\/?p=1280"},"modified":"2022-11-02T18:38:57","modified_gmt":"2022-11-02T17:38:57","slug":"verbale-assemblea-19-giugno-2022","status":"publish","type":"post","link":"https:\/\/www.famigliaaperta.it\/it\/2022\/06\/21\/verbale-assemblea-19-giugno-2022\/","title":{"rendered":"Assemblea annuale 2022"},"content":{"rendered":"<p><strong>VERBALE ASSEMBLEA ORDINARIA E STRAORDINARIA d<\/strong><strong>el 19 giugno 2022<\/strong><\/p>\n<p>Il 19 giugno 2022, alle ore 17,30, presso la sede in via Dante Alighieri 41\/a \u2013 Caprona (PI), si \u00e8 riunita l\u2019<a href=\"http:\/\/www.famigliaaperta.it\/it\/2022\/06\/15\/assemblea-19-giugno-2022\/\" target=\"_blank\" rel=\"noopener\"><strong>Assemblea dell\u2019Associazione Famiglia Aperta<\/strong><\/a> (APS) per discutere e deliberare il seguente ordine del giorno:<\/p>\n<p>In via ordinaria:<\/p>\n<ul>\n<li>Approvazione del <strong>Bilancio<\/strong> e rendiconto della situazione contabile 2021,<\/li>\n<li>La situazione degli<strong> affidi part-time e full-time<\/strong> a Pisa,<\/li>\n<li>Aggiornamenti sulla <strong>Comunit\u00e0 a dimensione Familiare \u201cCroce del sud\u201d,<\/strong><\/li>\n<li>I <strong>rapporti con i Servizi Sociali di Pisa<\/strong> e il <strong>progetto sull\u2019Autonomia dei ragazzi neo-maggiorenni<\/strong>,<\/li>\n<li>Andamento della <strong>Convenzione con i Servizi Sociali di Livorno<\/strong>,<\/li>\n<li>Elezione del <strong>Consiglio direttivo<\/strong>;<\/li>\n<\/ul>\n<p>In via straordinaria:<\/p>\n<ul>\n<li>Integrazione documentale dello <strong>Statuto dell\u2019Associazione<\/strong>, richiesta dall\u2019Ufficio Terzo Settore del Comune di Pisa al fine della Trasmigrazione al RUNTS.<\/li>\n<\/ul>\n<p>Il Presidente Anna Maria D&#8217;Antona dichiara aperta la seduta e chiama a fungere da Segretario il sig. Giuseppe Salerno. Il Presidente constata la presenza, in proprio o per delega, dei seguenti associati:<\/p>\n<p><strong>In proprio<\/strong>: Gino Meucci, Miriam Ricci, Giovanna Mannucci, Cecilia Cardella, Antonio Piccioli, Piera Cosulich, Felice Pantone, Celina Scarlatti, Anna Maria D&#8217;Antona, Giuseppe Salerno, Rossella Bargellini, Riccardo Lorenzi, Antonietta Pisani, Giorgia Delli Cicchi, Paola Pozzoli, Flavia Casarosa, Rosa Danza, Pietro Galliani, Simone Ciulla, Giulia Ciancico, Chetty Ciucci, Piergiorgio Masi, Valentina Marrai;<\/p>\n<p><strong>Per delega<\/strong>:Antonio Casarosa, Michele Veninata, Marcella Bendinelli, Teresita Picardi, Giorgio Montagnoli, Antonietta Delfino, Antonella Biegi, Emanuela Bertini, Stefania Salerno, Diana Fiorini, Rita Borsi, Silvia Carniani, Gabriele Mannocci, Gabriella Giuntoli, Camilla Pantone, Francesca Lodolini, Giovanni Lorenzi, Giulio Lorenzi, Fabio Mord\u00e0, Wladi Lupi, Patrizia Tosetto, Tommaso Tamburrini, Giovanna Cuzzola, Matteo Menghi, Marco Marrone.<\/p>\n<p>Il Presidente rileva che l\u2019Assemblea \u00e8 regolarmente costituita e, <strong>per quanto riguarda gli argomenti all\u2019ordine del giorno in via ordinaria, <\/strong>passa la parola al dr. Mazzanti dello Studio Guidi che ha predisposto il <strong>Bilancio<\/strong> per l\u2019anno 2021. Il dr. Mazzanti espone brevemente la situazione finanziaria dell\u2019Associazione, riconoscendo che i conti sono tenuti in ordine e facilmente tracciabili. Copia del Bilancio viene distribuita ai soci che lo approvano all\u2019unanimit\u00e0. Viene dato l\u2019incarico allo Studio Guidi di nominare un <strong>revisore dei conti<\/strong>.<\/p>\n<p>Il Presidente aggiorna brevemente l\u2019assemblea sulla situazione degli <strong>affidi part-time e full-time a Pisa<\/strong>, sui <strong>gruppi di in-formazione per le nuove famiglie affidatarie<\/strong>, e sulla complessa <strong>situazione del Servizio Sociale di Pisa per i minor<\/strong>i, che sta attraversando un lungo periodo di riorganizzazione.<a href=\"http:\/\/www.famigliaaperta.it\/it\/wp-content\/uploads\/2022\/06\/32335985-88c6-43fb-8182-09a45a15458d.jpg\"><img decoding=\"async\" loading=\"lazy\" class=\" wp-image-1282 alignleft\" src=\"http:\/\/www.famigliaaperta.it\/it\/wp-content\/uploads\/2022\/06\/32335985-88c6-43fb-8182-09a45a15458d.jpg\" alt=\"\" width=\"408\" height=\"229\" srcset=\"https:\/\/www.famigliaaperta.it\/it\/wp-content\/uploads\/2022\/06\/32335985-88c6-43fb-8182-09a45a15458d.jpg 1600w, https:\/\/www.famigliaaperta.it\/it\/wp-content\/uploads\/2022\/06\/32335985-88c6-43fb-8182-09a45a15458d-300x169.jpg 300w, https:\/\/www.famigliaaperta.it\/it\/wp-content\/uploads\/2022\/06\/32335985-88c6-43fb-8182-09a45a15458d-768x432.jpg 768w, https:\/\/www.famigliaaperta.it\/it\/wp-content\/uploads\/2022\/06\/32335985-88c6-43fb-8182-09a45a15458d-1024x576.jpg 1024w, https:\/\/www.famigliaaperta.it\/it\/wp-content\/uploads\/2022\/06\/32335985-88c6-43fb-8182-09a45a15458d-676x380.jpg 676w\" sizes=\"(max-width: 408px) 100vw, 408px\" \/><\/a><\/p>\n<p>Pietro Galliani sottolinea che il Servizio ha difficolt\u00e0 a l<strong>avorare sulla prevenzione<\/strong> e spesso interviene quando le situazioni sono gi\u00e0 gravi. Questo ha comportato anche l\u2019<strong>innalzamento dell\u2019et\u00e0 dei minori<\/strong> che vengono dichiarati affidabili, con situazioni sempre pi\u00f9 complesse. Gli incontri per il sostegno alle famiglie affidatarie, nonostante le difficolt\u00e0 della comunicazione on-line dovuta al Covid, si sono rivelati per questo sempre pi\u00f9 importanti. Tuttavia si nota un <strong>crescente individualismo<\/strong> che frena la creazione di uno <strong>spirito di gruppo<\/strong> e la partecipazione anche agli eventi di socializzazione proposti, come quelli che si sono tenuti a San Rossore.<\/p>\n<p>Il Centro Affidi di Livorno, supportato da un\u2019equipe multi-disciplinare, sta svolgendo un buon lavoro sia per la<strong> promozione dell\u2019affido<\/strong> che per il <strong>supporto alle famiglie affidatarie<\/strong>.<\/p>\n<p>Il Presidente relaziona anche sulle <strong>iniziative<\/strong> che sono state portate avanti dall\u2019Associazione per <strong>sensibilizzare la cittadinanza al tema dell\u2019affido<\/strong>, con due eventi:<\/p>\n<ul>\n<li>il primo ha coinvolto il Liceo Artistico di Pisa, che ha realizzato un \u201c<a href=\"http:\/\/www.famigliaaperta.it\/it\/2021\/11\/22\/a-pisa-in-piazza-santa-croce-in-fossabanda-un-murales-per-promuovere-laffido-familiare\/\" target=\"_blank\" rel=\"noopener\"><strong>Murales<\/strong><\/a>\u201d, applicato sul muro del Convento di<strong> Santa Croce in Fossabanda<\/strong> e inaugurato alla fine di una \u201cCamminata\u201d che ha attraversato il centro della citt\u00e0 e ha coinvolto molte persone;<\/li>\n<li>il secondo ha coinvolto la <strong>Scuola F. Filzi<\/strong>, di fronte alla quale \u00e8 stata <strong>adottata<\/strong> dall\u2019Associazione una <a href=\"http:\/\/www.famigliaaperta.it\/it\/2022\/05\/15\/adozione-rotatoria-davanti-alla-scuola-elementare-filzi-di-pisa\/\" target=\"_blank\" rel=\"noopener\"><strong>rotatoria<\/strong><\/a>, con una merenda e dei giochi per i bambini.<\/li>\n<\/ul>\n<p>Simone Ciulla, coordinatore della Comunit\u00e0 di Caprona, relaziona sulla <strong>situazione della comunit\u00e0,<\/strong> che attualmente vede la presenza di 4 ragazzi che stanno facendo un <strong>percorso di crescita importante<\/strong>. Nel periodo di chiusura per Covid, i ragazzi si sono comportati con <strong>grande responsabilit\u00e0<\/strong>, nonostante siano venuti a mancare i rapporti con i volontari e le famiglie che ruotano intorno alla comunit\u00e0.<\/p>\n<p>Durante l\u2019estate i ragazzi faranno <strong>due periodi di vacanze in montagna e al mare<\/strong>, con gli operatori, e diversi campi solari.<\/p>\n<p>Felice Pantone spera che a settembre si possa ripartire con la <strong>proiezione di film nel giardino della comunit\u00e0,<\/strong> come ulteriore occasione di socializzazione e sensibilizzazione.<a href=\"http:\/\/www.famigliaaperta.it\/it\/wp-content\/uploads\/2022\/06\/aee94727-620a-4134-a990-c121a58974f4.jpg\"><img decoding=\"async\" loading=\"lazy\" class=\" wp-image-1283 alignright\" src=\"http:\/\/www.famigliaaperta.it\/it\/wp-content\/uploads\/2022\/06\/aee94727-620a-4134-a990-c121a58974f4.jpg\" alt=\"\" width=\"484\" height=\"272\" srcset=\"https:\/\/www.famigliaaperta.it\/it\/wp-content\/uploads\/2022\/06\/aee94727-620a-4134-a990-c121a58974f4.jpg 1600w, https:\/\/www.famigliaaperta.it\/it\/wp-content\/uploads\/2022\/06\/aee94727-620a-4134-a990-c121a58974f4-300x169.jpg 300w, https:\/\/www.famigliaaperta.it\/it\/wp-content\/uploads\/2022\/06\/aee94727-620a-4134-a990-c121a58974f4-768x432.jpg 768w, https:\/\/www.famigliaaperta.it\/it\/wp-content\/uploads\/2022\/06\/aee94727-620a-4134-a990-c121a58974f4-1024x576.jpg 1024w, https:\/\/www.famigliaaperta.it\/it\/wp-content\/uploads\/2022\/06\/aee94727-620a-4134-a990-c121a58974f4-676x380.jpg 676w\" sizes=\"(max-width: 484px) 100vw, 484px\" \/><\/a>Passando poi alla <strong>trattazione dell\u2019argomento all\u2019ordine del giorno in via straordinaria, <\/strong>Il Presidente constata che l\u2019Assemblea \u00e8 validamente costituita ai sensi dell\u2019art. 7 dello Statuto vigente, essendo stato raggiunto il quorum di 2\/3 dei soci. Alla data di oggi, infatti, i soci regolarmente iscritti nell\u2019apposito libro sono 71 ed i 2\/3 sono 47. La somma dei presenti (23) e delle deleghe (25) \u00e8 di 48.<\/p>\n<p>Il Presidente chiarisce che le <strong>integrazioni<\/strong> sono state <strong>richieste dall\u2019Ufficio del Terzo Settore del Comune di Pisa<\/strong> per la transizione dell\u2019Associazione al <strong>Registro Nazionale del Terzo settore<\/strong> (RUNTS). Si tratta di integrazioni di carattere formale e non sostanziale, rimanendo uguali le finalit\u00e0 e le attivit\u00e0 indicate nello Statuto.<\/p>\n<p>Il Presidente apre poi la discussione e propone di mettere in votazione le <strong>integrazioni<\/strong> allo Statuto, che vengono <strong>approvate all\u2019unanimit\u00e0<\/strong>.<\/p>\n<p>Si d\u00e0 mandato al Presidente di provvedere alla registrazione della presente deliberazione con le integrazioni allo Statuto.<\/p>\n<p>Si passa quindi alla votazione per l\u2019<strong>elezione del nuovo direttivo<\/strong>. Vengono confermati i seguenti soci:<\/p>\n<p>&#8211; Anna Maria D\u2019Antona &#8211; Giorgia Delli Cicchi &#8211; Flavia Casarosa &#8211; Rosa Danza &#8211; Antonietta Pisani &#8211; Pietro Galliani &#8211; Felice Pantone.<\/p>\n<p>Non essendovi altro da deliberare, il Presidente dichiara chiusa la seduta alle ore 19,30 dello stesso giorno, previa stesura, lettura e sottoscrizione del presente verbale.<\/p>\n<p>Il Segretario\u00a0\u00a0\u00a0\u00a0\u00a0\u00a0\u00a0\u00a0\u00a0\u00a0\u00a0\u00a0\u00a0\u00a0\u00a0\u00a0\u00a0\u00a0\u00a0\u00a0\u00a0\u00a0\u00a0\u00a0\u00a0\u00a0\u00a0\u00a0\u00a0\u00a0\u00a0\u00a0\u00a0\u00a0\u00a0\u00a0\u00a0\u00a0\u00a0\u00a0\u00a0\u00a0\u00a0\u00a0\u00a0\u00a0\u00a0\u00a0\u00a0\u00a0\u00a0\u00a0\u00a0\u00a0\u00a0\u00a0\u00a0\u00a0\u00a0\u00a0\u00a0\u00a0\u00a0\u00a0\u00a0\u00a0\u00a0\u00a0\u00a0\u00a0\u00a0\u00a0\u00a0\u00a0\u00a0\u00a0\u00a0\u00a0\u00a0\u00a0\u00a0\u00a0\u00a0\u00a0\u00a0\u00a0\u00a0\u00a0\u00a0\u00a0\u00a0\u00a0\u00a0\u00a0\u00a0\u00a0\u00a0\u00a0\u00a0\u00a0\u00a0\u00a0\u00a0\u00a0\u00a0 Il Presidente<\/p>\n<p>(Giuseppe Salerno)\u00a0\u00a0\u00a0\u00a0\u00a0\u00a0\u00a0\u00a0\u00a0\u00a0\u00a0\u00a0\u00a0\u00a0\u00a0\u00a0\u00a0\u00a0\u00a0\u00a0\u00a0\u00a0\u00a0\u00a0\u00a0\u00a0\u00a0\u00a0\u00a0\u00a0\u00a0\u00a0\u00a0\u00a0\u00a0\u00a0\u00a0\u00a0\u00a0\u00a0\u00a0\u00a0\u00a0\u00a0\u00a0\u00a0\u00a0\u00a0\u00a0\u00a0\u00a0\u00a0\u00a0\u00a0\u00a0\u00a0\u00a0\u00a0\u00a0\u00a0\u00a0\u00a0\u00a0\u00a0\u00a0\u00a0\u00a0\u00a0\u00a0\u00a0\u00a0\u00a0\u00a0\u00a0\u00a0\u00a0\u00a0\u00a0\u00a0\u00a0\u00a0\u00a0\u00a0\u00a0\u00a0\u00a0 (Anna Maria D\u2019Antona)<\/p>\n<p><a href=\"http:\/\/www.famigliaaperta.it\/it\/wp-content\/uploads\/2022\/06\/dcd7168e-202a-4942-a5f3-9e3e6089d656.jpg\"><img decoding=\"async\" loading=\"lazy\" class=\"alignnone size-full wp-image-1284\" src=\"http:\/\/www.famigliaaperta.it\/it\/wp-content\/uploads\/2022\/06\/dcd7168e-202a-4942-a5f3-9e3e6089d656.jpg\" alt=\"\" width=\"1600\" height=\"900\" srcset=\"https:\/\/www.famigliaaperta.it\/it\/wp-content\/uploads\/2022\/06\/dcd7168e-202a-4942-a5f3-9e3e6089d656.jpg 1600w, https:\/\/www.famigliaaperta.it\/it\/wp-content\/uploads\/2022\/06\/dcd7168e-202a-4942-a5f3-9e3e6089d656-300x169.jpg 300w, https:\/\/www.famigliaaperta.it\/it\/wp-content\/uploads\/2022\/06\/dcd7168e-202a-4942-a5f3-9e3e6089d656-768x432.jpg 768w, https:\/\/www.famigliaaperta.it\/it\/wp-content\/uploads\/2022\/06\/dcd7168e-202a-4942-a5f3-9e3e6089d656-1024x576.jpg 1024w, https:\/\/www.famigliaaperta.it\/it\/wp-content\/uploads\/2022\/06\/dcd7168e-202a-4942-a5f3-9e3e6089d656-676x380.jpg 676w\" sizes=\"(max-width: 1600px) 100vw, 1600px\" \/><\/a><\/p>\n","protected":false},"excerpt":{"rendered":"<p>VERBALE ASSEMBLEA ORDINARIA E STRAORDINARIA del 19 giugno 2022 Il 19 giugno 2022, alle ore 17,30, presso la sede in via Dante Alighieri 41\/a \u2013 Caprona (PI), si \u00e8 riunita l\u2019Assemblea dell\u2019Associazione Famiglia Aperta (APS) per discutere e deliberare il seguente ordine del giorno: In via ordinaria: Approvazione del Bilancio e rendiconto della situazione contabile &hellip; <a href=\"https:\/\/www.famigliaaperta.it\/it\/2022\/06\/21\/verbale-assemblea-19-giugno-2022\/\" class=\"more-link\">Leggi tutto <span class=\"screen-reader-text\">Assemblea annuale 2022<\/span><\/a><\/p>\n","protected":false},"author":1,"featured_media":0,"comment_status":"closed","ping_status":"open","sticky":false,"template":"","format":"standard","meta":[],"categories":[1],"tags":[4,76,26,62,117],"_links":{"self":[{"href":"https:\/\/www.famigliaaperta.it\/it\/wp-json\/wp\/v2\/posts\/1280"}],"collection":[{"href":"https:\/\/www.famigliaaperta.it\/it\/wp-json\/wp\/v2\/posts"}],"about":[{"href":"https:\/\/www.famigliaaperta.it\/it\/wp-json\/wp\/v2\/types\/post"}],"author":[{"embeddable":true,"href":"https:\/\/www.famigliaaperta.it\/it\/wp-json\/wp\/v2\/users\/1"}],"replies":[{"embeddable":true,"href":"https:\/\/www.famigliaaperta.it\/it\/wp-json\/wp\/v2\/comments?post=1280"}],"version-history":[{"count":5,"href":"https:\/\/www.famigliaaperta.it\/it\/wp-json\/wp\/v2\/posts\/1280\/revisions"}],"predecessor-version":[{"id":1315,"href":"https:\/\/www.famigliaaperta.it\/it\/wp-json\/wp\/v2\/posts\/1280\/revisions\/1315"}],"wp:attachment":[{"href":"https:\/\/www.famigliaaperta.it\/it\/wp-json\/wp\/v2\/media?parent=1280"}],"wp:term":[{"taxonomy":"category","embeddable":true,"href":"https:\/\/www.famigliaaperta.it\/it\/wp-json\/wp\/v2\/categories?post=1280"},{"taxonomy":"post_tag","embeddable":true,"href":"https:\/\/www.famigliaaperta.it\/it\/wp-json\/wp\/v2\/tags?post=1280"}],"curies":[{"name":"wp","href":"https:\/\/api.w.org\/{rel}","templated":true}]}}