{"id":1340,"date":"2023-01-24T19:29:48","date_gmt":"2023-01-24T18:29:48","guid":{"rendered":"http:\/\/www.famigliaaperta.it\/it\/?p=1340"},"modified":"2023-01-25T19:24:13","modified_gmt":"2023-01-25T18:24:13","slug":"orchestra-recycling-sons-giusi-lauro-di-afa-associacao-fraternidade-alianca","status":"publish","type":"post","link":"https:\/\/www.famigliaaperta.it\/it\/2023\/01\/24\/orchestra-recycling-sons-giusi-lauro-di-afa-associacao-fraternidade-alianca\/","title":{"rendered":"Orchestra Recycling Sons \u201cGiusi Lauro\u201d di AFA Associa\u00e7\u00e3o Fraternidade Alian\u00e7a"},"content":{"rendered":"\n<p>Famiglia Aperta, anche quest&#8217;anno, ha deciso di donare un piccolo <strong>contributo<\/strong> a&nbsp;<a href=\"https:\/\/fraternidadealianca.org.br\/\" target=\"_blank\" rel=\"noopener\">AFA Associa\u00e7\u00e3o Fraternidade Alian\u00e7a<\/a><\/p>\n\n\n\n<p><strong>AFA<\/strong> \u00e8 stata fondata nel\u00a0\u00a01991 e\u00a0\u00a0nel corso degli anni ha <strong>aiutato in Brasile,<\/strong> direttamente o indirettamente, <strong>pi\u00f9 di 5.000 bambini e adolescenti<\/strong>.<\/p>\n\n\n\n<p>L&#8217;Associazione Brasiliana, con cui Famigli Aperta collabora ormai da anni,&nbsp;opera sul territorio per <strong>garantire<\/strong> che i <strong>bambini<\/strong> e gli <strong>adolescenti<\/strong> di Foz do Igua\u00e7u,&nbsp;nello Stato del Paran\u00e1, ricevano assistenza, in tutti i settori.<\/p>\n\n\n\n<p>L&#8217;<strong>Associa\u00e7\u00e3o Fraternidade Alian\u00e7a,<\/strong>&nbsp;tra le varie attivit\u00e0, si adopera con vari programmi e progetti,&nbsp; affinch\u00e9 i bambini possano avere, ad esempio, accesso a una comunit\u00e0, <strong>istruzione<\/strong>, <strong>cibo<\/strong>, <strong>sport<\/strong>, <strong>musica<\/strong>.<\/p>\n\n\n\n<p>Quest&#8217;anno, tra i molteplici progetti in essere, Famigli Aperta ha scelto di sostenere il<strong> Progetto Musica.<\/strong><\/p>\n\n\n<div class=\"wp-block-image\">\n<figure class=\"aligncenter size-full\"><img decoding=\"async\" loading=\"lazy\" width=\"453\" height=\"640\" src=\"http:\/\/www.famigliaaperta.it\/it\/wp-content\/uploads\/2023\/01\/AFA-Progetto-Musica-1.jpg\" alt=\"\" class=\"wp-image-1362\" srcset=\"https:\/\/www.famigliaaperta.it\/it\/wp-content\/uploads\/2023\/01\/AFA-Progetto-Musica-1.jpg 453w, https:\/\/www.famigliaaperta.it\/it\/wp-content\/uploads\/2023\/01\/AFA-Progetto-Musica-1-212x300.jpg 212w\" sizes=\"(max-width: 453px) 100vw, 453px\" \/><\/figure><\/div>\n\n\n<p>Attualmente l&#8217;Orchestra Recycling Sons \u201cGiusi Lauro\u201d di AFA \u00e8 composta da 50 musicisti e si propone di continuare ad&nbsp;essere uno <strong>strumento utile per far fronte alla situazione sociale sfavorevole in cui&nbsp;adolescenti e giovani vivono in aree abitative precarie<\/strong> in&nbsp;Foz do Igua\u00e7u, eliminando cos\u00ec le difficolt\u00e0 incontrate nel paese, grazie anche alla formazione di complessi musicali stabili e duraturi. Il Progetto Musica ha anche l&#8217;obiettivo di sensibilizzare la societ\u00e0 al&nbsp;punto di diventare un <strong>bene culturale duraturo<\/strong> per il comune e la regione.<\/p>\n","protected":false},"excerpt":{"rendered":"<p>Famiglia Aperta, anche quest&#8217;anno, ha deciso di donare un piccolo contributo a&nbsp;AFA Associa\u00e7\u00e3o Fraternidade Alian\u00e7a AFA \u00e8 stata fondata nel\u00a0\u00a01991 e\u00a0\u00a0nel corso degli anni ha aiutato in Brasile, direttamente o indirettamente, pi\u00f9 di 5.000 bambini e adolescenti. L&#8217;Associazione Brasiliana, con cui Famigli Aperta collabora ormai da anni,&nbsp;opera sul territorio per garantire che i bambini e &hellip; <a href=\"https:\/\/www.famigliaaperta.it\/it\/2023\/01\/24\/orchestra-recycling-sons-giusi-lauro-di-afa-associacao-fraternidade-alianca\/\" class=\"more-link\">Leggi tutto <span class=\"screen-reader-text\">Orchestra Recycling Sons \u201cGiusi Lauro\u201d di AFA Associa\u00e7\u00e3o Fraternidade Alian\u00e7a<\/span><\/a><\/p>\n","protected":false},"author":1,"featured_media":1346,"comment_status":"closed","ping_status":"open","sticky":false,"template":"","format":"standard","meta":[],"categories":[1],"tags":[26,3,17,60,70],"_links":{"self":[{"href":"https:\/\/www.famigliaaperta.it\/it\/wp-json\/wp\/v2\/posts\/1340"}],"collection":[{"href":"https:\/\/www.famigliaaperta.it\/it\/wp-json\/wp\/v2\/posts"}],"about":[{"href":"https:\/\/www.famigliaaperta.it\/it\/wp-json\/wp\/v2\/types\/post"}],"author":[{"embeddable":true,"href":"https:\/\/www.famigliaaperta.it\/it\/wp-json\/wp\/v2\/users\/1"}],"replies":[{"embeddable":true,"href":"https:\/\/www.famigliaaperta.it\/it\/wp-json\/wp\/v2\/comments?post=1340"}],"version-history":[{"count":8,"href":"https:\/\/www.famigliaaperta.it\/it\/wp-json\/wp\/v2\/posts\/1340\/revisions"}],"predecessor-version":[{"id":1391,"href":"https:\/\/www.famigliaaperta.it\/it\/wp-json\/wp\/v2\/posts\/1340\/revisions\/1391"}],"wp:featuredmedia":[{"embeddable":true,"href":"https:\/\/www.famigliaaperta.it\/it\/wp-json\/wp\/v2\/media\/1346"}],"wp:attachment":[{"href":"https:\/\/www.famigliaaperta.it\/it\/wp-json\/wp\/v2\/media?parent=1340"}],"wp:term":[{"taxonomy":"category","embeddable":true,"href":"https:\/\/www.famigliaaperta.it\/it\/wp-json\/wp\/v2\/categories?post=1340"},{"taxonomy":"post_tag","embeddable":true,"href":"https:\/\/www.famigliaaperta.it\/it\/wp-json\/wp\/v2\/tags?post=1340"}],"curies":[{"name":"wp","href":"https:\/\/api.w.org\/{rel}","templated":true}]}}