{"id":1621,"date":"2024-05-19T13:52:16","date_gmt":"2024-05-19T11:52:16","guid":{"rendered":"https:\/\/www.famigliaaperta.it\/it\/?p=1621"},"modified":"2024-05-19T13:58:10","modified_gmt":"2024-05-19T11:58:10","slug":"5-x-1000-a-famiglia-aperta-2","status":"publish","type":"post","link":"https:\/\/www.famigliaaperta.it\/it\/2024\/05\/19\/5-x-1000-a-famiglia-aperta-2\/","title":{"rendered":"5 x 1000 a Famiglia Aperta"},"content":{"rendered":"\n<p>Cari soci e sostenitori<\/p>\n\n\n\n<p>Come sapete Famiglia Aperta \u00e8 una Associazione che si dedica all\u2019<strong>Affidamento Familiare<\/strong> e lo promuove come via da seguire quando gravi problemi non consentono alle famiglie naturali di occuparsi dei propri figli. Noi cerchiamo di offrire a questi ragazzi un\u2019<strong>opportunit\u00e0 per ottenere un diritto <\/strong>che dovrebbe essere di tutti i bambini: <strong>crescere e formarsi in un ambiente sereno<\/strong>, al riparo dal rischio e dal disagio.<\/p>\n\n\n\n<p>Sul nostro sito e nella nostra pagina <a href=\"https:\/\/www.facebook.com\/profile.php?id=100064506651854\" target=\"_blank\" rel=\"noreferrer noopener\">Facebook <\/a>potete vedere alcune iniziative che promuoviamo per sensibilizzare le famiglie, sostenere quelle affidatarie e per la protezione dell\u2019infanzia.<\/p>\n\n\n\n<p>In proposito, ci piace sottolineare il lavoro che svolgiamo con la Comunit\u00e0 a dimensione familiare \u201c<strong>Croce del Sud<\/strong>\u201d, che abbiamo aperto a Caprona nel 1995 grazie alla determinazione dei volontari di Famiglia Aperta e alla Diocesi di Pisa, che ha concesso in comodato la <strong>grande casa che accoglie i ragazzi.<\/strong> Alle spese di gestione si fa fronte con il contributo dei Servizi Sociali che ci affidano i bambini.<\/p>\n\n\n\n<p>Purtroppo questi contributi cessano al raggiungimento del 18\u00b0 anno dei ragazzi, ad un\u2019et\u00e0 che non pu\u00f2 certo corrispondere alla possibilit\u00e0 di vivere autonomamente: quasi tutti i ragazzi continuano gli studi e altri cercano lavoro. Abbiamo cos\u00ec fatto partire il progetto&nbsp;<em>\u201c<strong>Verso l\u2019autonomia<\/strong>\u201d&nbsp;<\/em>per aiutarli a trovare la propria strada.<\/p>\n\n\n\n<p>Se anche voi credete, come noi, che si pu\u00f2 davvero trasformare il loro sogno in realt\u00e0, vi chiediamo di sostenerci destinando il<strong> 5 x 1000 dell\u2019IRPEF a Famiglia Aperta<\/strong>, apponendo, nel riquadro del sostegno al volontariato della&nbsp;<strong>Certificazione Unica<\/strong>, del&nbsp;<strong>mod. 730&nbsp;<\/strong>o della&nbsp;<strong>\u201cDichiarazione Redditi Persone fisiche\u201d,<\/strong><\/p>\n\n\n\n<p><strong>la firma ed il codice fiscale di FAMIGLIA APERTA<\/strong><\/p>\n\n\n\n<p class=\"has-text-align-center\"><strong>93019130504<\/strong><\/p>\n\n\n\n<figure class=\"wp-block-image size-full\"><img decoding=\"async\" loading=\"lazy\" width=\"953\" height=\"717\" src=\"https:\/\/www.famigliaaperta.it\/it\/wp-content\/uploads\/2024\/05\/5x1000-2024.png\" alt=\"\" class=\"wp-image-1622\" srcset=\"https:\/\/www.famigliaaperta.it\/it\/wp-content\/uploads\/2024\/05\/5x1000-2024.png 953w, https:\/\/www.famigliaaperta.it\/it\/wp-content\/uploads\/2024\/05\/5x1000-2024-300x226.png 300w, https:\/\/www.famigliaaperta.it\/it\/wp-content\/uploads\/2024\/05\/5x1000-2024-768x578.png 768w, https:\/\/www.famigliaaperta.it\/it\/wp-content\/uploads\/2024\/05\/5x1000-2024-676x509.png 676w\" sizes=\"(max-width: 953px) 100vw, 953px\" \/><\/figure>\n","protected":false},"excerpt":{"rendered":"<p>Cari soci e sostenitori Come sapete Famiglia Aperta \u00e8 una Associazione che si dedica all\u2019Affidamento Familiare e lo promuove come via da seguire quando gravi problemi non consentono alle famiglie naturali di occuparsi dei propri figli. Noi cerchiamo di offrire a questi ragazzi un\u2019opportunit\u00e0 per ottenere un diritto che dovrebbe essere di tutti i bambini: &hellip; <a href=\"https:\/\/www.famigliaaperta.it\/it\/2024\/05\/19\/5-x-1000-a-famiglia-aperta-2\/\" class=\"more-link\">Leggi tutto <span class=\"screen-reader-text\">5 x 1000 a Famiglia Aperta<\/span><\/a><\/p>\n","protected":false},"author":1,"featured_media":0,"comment_status":"closed","ping_status":"open","sticky":false,"template":"","format":"standard","meta":[],"categories":[1],"tags":[26,3,17,60,70],"_links":{"self":[{"href":"https:\/\/www.famigliaaperta.it\/it\/wp-json\/wp\/v2\/posts\/1621"}],"collection":[{"href":"https:\/\/www.famigliaaperta.it\/it\/wp-json\/wp\/v2\/posts"}],"about":[{"href":"https:\/\/www.famigliaaperta.it\/it\/wp-json\/wp\/v2\/types\/post"}],"author":[{"embeddable":true,"href":"https:\/\/www.famigliaaperta.it\/it\/wp-json\/wp\/v2\/users\/1"}],"replies":[{"embeddable":true,"href":"https:\/\/www.famigliaaperta.it\/it\/wp-json\/wp\/v2\/comments?post=1621"}],"version-history":[{"count":5,"href":"https:\/\/www.famigliaaperta.it\/it\/wp-json\/wp\/v2\/posts\/1621\/revisions"}],"predecessor-version":[{"id":1762,"href":"https:\/\/www.famigliaaperta.it\/it\/wp-json\/wp\/v2\/posts\/1621\/revisions\/1762"}],"wp:attachment":[{"href":"https:\/\/www.famigliaaperta.it\/it\/wp-json\/wp\/v2\/media?parent=1621"}],"wp:term":[{"taxonomy":"category","embeddable":true,"href":"https:\/\/www.famigliaaperta.it\/it\/wp-json\/wp\/v2\/categories?post=1621"},{"taxonomy":"post_tag","embeddable":true,"href":"https:\/\/www.famigliaaperta.it\/it\/wp-json\/wp\/v2\/tags?post=1621"}],"curies":[{"name":"wp","href":"https:\/\/api.w.org\/{rel}","templated":true}]}}