{"id":1630,"date":"2024-06-02T13:08:39","date_gmt":"2024-06-02T11:08:39","guid":{"rendered":"https:\/\/www.famigliaaperta.it\/it\/?p=1630"},"modified":"2024-06-02T13:15:42","modified_gmt":"2024-06-02T11:15:42","slug":"assemblea-9-giugno-2024","status":"publish","type":"post","link":"https:\/\/www.famigliaaperta.it\/it\/2024\/06\/02\/assemblea-9-giugno-2024\/","title":{"rendered":"Assemblea 9 giugno 2024"},"content":{"rendered":"\n<p>Cari amici, soci e sostenitori<\/p>\n\n\n\n<p><strong>Il 9 Giugno 2024 nel giardino della Casa Famiglia di Caprona, in via Dante Alighieri, 41\/a, <\/strong>alle ore 8,30 in prima convocazione e <strong>alle 17,00 in seconda convocazione, <\/strong>si terr\u00e0 l&#8217;assemblea annuale dell&#8217;Associazione.<\/p>\n\n\n\n<p>Siete tutti invitati a partecipare per arricchire il dibattito con le vostre idee ed i vostri suggerimenti per il <strong>futuro della vita dell\u2019Associazione<\/strong>.<\/p>\n\n\n\n<p>La partecipazione a questa assemblea \u00e8 particolarmente importante perch\u00e9 negli ultimi anni le <strong>normative del Terzo Settore<\/strong> hanno reso sempre pi\u00f9 complessa la realt\u00e0 delle Associazioni che, anche se piccole come la nostra, si trovano a dover <strong>affrontare problemi e difficolt\u00e0 <\/strong>che richiedono non solo disponibilit\u00e0 ed<strong> impegno dei volontari<\/strong>, ma anche <strong>competenze specifiche<\/strong>.<\/p>\n\n\n\n<p>Il passaggio da Organizzazione di Volontariato verso l\u2019<strong>Associazione di Promozione Sociale<\/strong>, realizzato ormai due anni fa, era stato pensato e programmato per dare forza ad una nostra precisa collocazione: FA rimane convinta che la propria azione di stimolo verso la<strong> tutela dei minori<\/strong> con particolare attenzione all\u2019istituto dell\u2019<strong>affido familiare<\/strong> sia possibile solo con la piena e fattiva collaborazione con i Servizi Pubblici. Per farci trovare pronti e rafforzare questa collaborazione serviva il passaggio in APS.<\/p>\n\n\n\n<p>Ma oggi, ed i numeri che cercheremo di commentare non potranno che oggettivare ci\u00f2 che stiamo dicendo, la condizione di proposta del servizio pubblico \u00e8 fortemente cambiata.<\/p>\n\n\n\n<p>Se da un lato si avanzano temi che prendono il nome di \u201camministrazione partecipata\u201d che vorrebbe vedere il settore pubblico ed il terzo settore sullo stesso piano nella co-programmazione e co-progettazione dei servizi, dall\u2019altro lato la realt\u00e0 operativa vede invece ampliarsi il distacco tra l\u2019ente del terzo settore ed il servizio pubblico.<\/p>\n\n\n\n<p>Il direttivo uscente si \u00e8 confrontato pi\u00f9 volte su questi temi, e sempre \u00e8 prevalso il pragmatismo del fare, per <strong>garantire il nostro apporto alla tutela dei bambini <\/strong>(gestione del periodo Covid); sulle valutazioni teoriche e decisioni programmatiche che i vari ostacoli e contraddizioni che si presentavano avrebbero richiesto (organizzazione del CA e dei servizi sociali, con carenza cronica di Operatori). Ora, pur nel ridotto spazio temporale di un\u2019assemblea abbiamo bisogno del vostro punto di vista.<\/p>\n\n\n\n<p>C\u2019\u00e8 bisogno pertanto di una <strong>partecipazione attiva <\/strong>e di una <strong>collaborazione costruttiva<\/strong> che ci permetta di guardare avanti ed <strong>affrontare insieme le sfide<\/strong> che ci aspettano.<\/p>\n\n\n\n<figure class=\"wp-block-image size-large\"><img decoding=\"async\" loading=\"lazy\" width=\"1024\" height=\"1024\" src=\"http:\/\/www.famigliaaperta.it\/it\/wp-content\/uploads\/2024\/06\/Casa-Famiglia-1024x1024.jpg\" alt=\"\" class=\"wp-image-1631\" srcset=\"https:\/\/www.famigliaaperta.it\/it\/wp-content\/uploads\/2024\/06\/Casa-Famiglia-1024x1024.jpg 1024w, https:\/\/www.famigliaaperta.it\/it\/wp-content\/uploads\/2024\/06\/Casa-Famiglia-300x300.jpg 300w, https:\/\/www.famigliaaperta.it\/it\/wp-content\/uploads\/2024\/06\/Casa-Famiglia-150x150.jpg 150w, https:\/\/www.famigliaaperta.it\/it\/wp-content\/uploads\/2024\/06\/Casa-Famiglia-768x768.jpg 768w, https:\/\/www.famigliaaperta.it\/it\/wp-content\/uploads\/2024\/06\/Casa-Famiglia.jpg 1536w, https:\/\/www.famigliaaperta.it\/it\/wp-content\/uploads\/2024\/06\/Casa-Famiglia-676x676.jpg 676w\" sizes=\"(max-width: 1024px) 100vw, 1024px\" \/><\/figure>\n\n\n\n<p>Da sempre noi abbiamo <strong>messo al centro l\u2019interesse dei tanti bambini\/ragazzi che sono in difficolt\u00e0<\/strong> per vari motivi ed il messaggio \u00e8 di non voltarci dall\u2019altra parte, ma sentirli un po&#8217; nostri figli. Possiamo partire da loro per capire come dare risposte concrete, come indirizzare le nostre disponibilit\u00e0 e competenze.<\/p>\n\n\n\n<p>Perch\u00e9 non chiederci anche quale tipo di appartenenza sentiamo verso Famiglia Aperta?<\/p>\n\n\n\n<p>L\u2019ordine del giorno \u00e8 nutrito e avr\u00e0 i seguenti punti che richiedono l\u2019attenzione e la <strong>partecipazione di tutti i soc<\/strong>i:<\/p>\n\n\n\n<ul>\n<li>approvazione del <strong>bilancio <\/strong>e rendiconto della situazione contabile per il 2023;<\/li>\n\n\n\n<li>i rapporti con i <strong>Servizi Sociali di Pisa<\/strong>, in vista del rinnovo della Convenzione;<\/li>\n\n\n\n<li>l\u2019andamento della Convenzione con i <strong>Servizi Sociali di Livorno<\/strong>;<\/li>\n\n\n\n<li>la <strong>situazione degli affidi <\/strong>part-time e full-time a Pisa;<\/li>\n\n\n\n<li>aggiornamenti sulla Comunit\u00e0 familiare \u201c<strong>Croce del sud<\/strong>\u201d;<\/li>\n\n\n\n<li>elezione del <strong>Consiglio Direttivo;<\/strong><\/li>\n\n\n\n<li>varie ed eventuali.<\/li>\n<\/ul>\n\n\n\n<p>Dalle 17,00 alle 17,30 sar\u00e0 possibile <strong>rinnovare la propria tessera o iscriversi come soc<\/strong>i (il contributo \u00e8 di \u20ac 10,00 annui).<\/p>\n\n\n\n<p>Gli argomenti sono tanti e richiedono <strong>approfondimento e approvazione dei soci <\/strong>e quindi, se proprio non vi \u00e8 possibile partecipare, vi chiediamo di compilare la delega in calce con la quale potete farvi rappresentare per esprimere il vostro voto. La delega potr\u00e0 essere consegnata al socio delegato oppure inviata per mail a <strong>presidenza.famigliaaperta@gmail.com <\/strong>con scannerizzazione e firma.<\/p>\n\n\n\n<p>Poi ceneremo insieme, come in passato, invitandovi a restare numerosi e a condividere con noi le buone cose che ormai siamo abituati a portare.<\/p>\n","protected":false},"excerpt":{"rendered":"<p>Cari amici, soci e sostenitori Il 9 Giugno 2024 nel giardino della Casa Famiglia di Caprona, in via Dante Alighieri, 41\/a, alle ore 8,30 in prima convocazione e alle 17,00 in seconda convocazione, si terr\u00e0 l&#8217;assemblea annuale dell&#8217;Associazione. Siete tutti invitati a partecipare per arricchire il dibattito con le vostre idee ed i vostri suggerimenti &hellip; <a href=\"https:\/\/www.famigliaaperta.it\/it\/2024\/06\/02\/assemblea-9-giugno-2024\/\" class=\"more-link\">Leggi tutto <span class=\"screen-reader-text\">Assemblea 9 giugno 2024<\/span><\/a><\/p>\n","protected":false},"author":1,"featured_media":0,"comment_status":"closed","ping_status":"open","sticky":false,"template":"","format":"standard","meta":[],"categories":[1],"tags":[26,3,74,17,60,70,117,13,11,5],"_links":{"self":[{"href":"https:\/\/www.famigliaaperta.it\/it\/wp-json\/wp\/v2\/posts\/1630"}],"collection":[{"href":"https:\/\/www.famigliaaperta.it\/it\/wp-json\/wp\/v2\/posts"}],"about":[{"href":"https:\/\/www.famigliaaperta.it\/it\/wp-json\/wp\/v2\/types\/post"}],"author":[{"embeddable":true,"href":"https:\/\/www.famigliaaperta.it\/it\/wp-json\/wp\/v2\/users\/1"}],"replies":[{"embeddable":true,"href":"https:\/\/www.famigliaaperta.it\/it\/wp-json\/wp\/v2\/comments?post=1630"}],"version-history":[{"count":5,"href":"https:\/\/www.famigliaaperta.it\/it\/wp-json\/wp\/v2\/posts\/1630\/revisions"}],"predecessor-version":[{"id":1636,"href":"https:\/\/www.famigliaaperta.it\/it\/wp-json\/wp\/v2\/posts\/1630\/revisions\/1636"}],"wp:attachment":[{"href":"https:\/\/www.famigliaaperta.it\/it\/wp-json\/wp\/v2\/media?parent=1630"}],"wp:term":[{"taxonomy":"category","embeddable":true,"href":"https:\/\/www.famigliaaperta.it\/it\/wp-json\/wp\/v2\/categories?post=1630"},{"taxonomy":"post_tag","embeddable":true,"href":"https:\/\/www.famigliaaperta.it\/it\/wp-json\/wp\/v2\/tags?post=1630"}],"curies":[{"name":"wp","href":"https:\/\/api.w.org\/{rel}","templated":true}]}}