{"id":656,"date":"2019-07-03T22:20:25","date_gmt":"2019-07-03T20:20:25","guid":{"rendered":"http:\/\/www.famigliaaperta.it\/it\/?p=656"},"modified":"2022-03-10T14:26:33","modified_gmt":"2022-03-10T13:26:33","slug":"controlli-sugli-affidi-illeciti","status":"publish","type":"post","link":"https:\/\/www.famigliaaperta.it\/it\/2019\/07\/03\/controlli-sugli-affidi-illeciti\/","title":{"rendered":"Controlli sugli affidi illeciti"},"content":{"rendered":"<p>L&#8217;Associazione<strong> Famiglia Aperta<\/strong>\u00a0ritiene giusto far sentire la propria voce in merito ai fatti che stanno emergendo dalle indagini in alcuni Comuni della provincia di Reggio Emilia.<\/p>\n<p><strong>Chi ha sbagliato deve pagare<\/strong> e i controlli in questo ambito devono essere ampliati e moltiplicati, per evitare il ripetersi di nefandezze come queste. Ci\u00f2 che non vorremmo accadesse \u00e8 che il racconto \u201cgiornalistico\u201d di vicende cos\u00ec drammatiche porti le persone a <strong>guardare con diffidenza all&#8217;affido<\/strong>, che invece rimane lo strumento elettivo per inserire i bambini in contesti adeguati alla loro crescita allontanandoli da situazioni familiari difficili.<a href=\"http:\/\/www.famigliaaperta.it\/it\/wp-content\/uploads\/2019\/07\/affido-familaire.jpg\"><img decoding=\"async\" loading=\"lazy\" class=\"size-thumbnail wp-image-658 aligncenter\" src=\"http:\/\/www.famigliaaperta.it\/it\/wp-content\/uploads\/2019\/07\/affido-familaire-150x150.jpg\" alt=\"\" width=\"150\" height=\"150\" \/><\/a><\/p>\n<p>Vogliamo ricordare che esistono (e sono la maggioranza) servizi e associazioni che, nel silenzio e spesso nell&#8217;indifferenza generale, si impegnano per <strong>dare protezione accoglienza e affetto ai tanti bambini<\/strong> che non trovano il necessario accudimento nelle sempre pi\u00f9 numerose famiglie disgregate.<\/p>\n<p>Quello che manca e che continua a mancare anche in tempi recenti \u00e8 un<strong> investimento sui minori<\/strong> che consenta a tutti i soggetti interessati, in primo luogo ai servizi, di svolgere un <strong>adeguato lavoro di prevenzione<\/strong>.<\/p>\n<p>Accogliere un bambino che ha dei trascorsi spesso molto traumatici non \u00e8 infatti semplice. La nostra Associazione nella sua esperienza ultra ventennale lo pu\u00f2 testimoniare ogni giorno; cos\u00ec come siamo consapevoli che per seguire un progetto tanto delicato occorre una<strong> perfetta integrazione tra pubblico e privato<\/strong>.<\/p>\n<p>In questo momento cos\u00ec difficile vogliamo riaffermare l\u2019<strong>importanza e la bellezza dell\u2019affido<\/strong> e mettere in luce il suo <strong>valore<\/strong> innanzitutto <strong>sociale<\/strong>, chiedendo ad altre famiglie di fare questo passo. Anche a Pisa, anche adesso, abbiamo bisogno di famiglie, single, uomini e donne che si aprano all&#8217;<strong>accoglienza di bambine\/i e delle loro famiglie in difficolt\u00e0<\/strong>.<\/p>\n","protected":false},"excerpt":{"rendered":"<p>L&#8217;Associazione Famiglia Aperta\u00a0ritiene giusto far sentire la propria voce in merito ai fatti che stanno emergendo dalle indagini in alcuni Comuni della provincia di Reggio Emilia. Chi ha sbagliato deve pagare e i controlli in questo ambito devono essere ampliati e moltiplicati, per evitare il ripetersi di nefandezze come queste. Ci\u00f2 che non vorremmo accadesse &hellip; <a href=\"https:\/\/www.famigliaaperta.it\/it\/2019\/07\/03\/controlli-sugli-affidi-illeciti\/\" class=\"more-link\">Leggi tutto <span class=\"screen-reader-text\">Controlli sugli affidi illeciti<\/span><\/a><\/p>\n","protected":false},"author":1,"featured_media":660,"comment_status":"closed","ping_status":"open","sticky":false,"template":"","format":"standard","meta":[],"categories":[1],"tags":[76,81,74,117],"_links":{"self":[{"href":"https:\/\/www.famigliaaperta.it\/it\/wp-json\/wp\/v2\/posts\/656"}],"collection":[{"href":"https:\/\/www.famigliaaperta.it\/it\/wp-json\/wp\/v2\/posts"}],"about":[{"href":"https:\/\/www.famigliaaperta.it\/it\/wp-json\/wp\/v2\/types\/post"}],"author":[{"embeddable":true,"href":"https:\/\/www.famigliaaperta.it\/it\/wp-json\/wp\/v2\/users\/1"}],"replies":[{"embeddable":true,"href":"https:\/\/www.famigliaaperta.it\/it\/wp-json\/wp\/v2\/comments?post=656"}],"version-history":[{"count":2,"href":"https:\/\/www.famigliaaperta.it\/it\/wp-json\/wp\/v2\/posts\/656\/revisions"}],"predecessor-version":[{"id":659,"href":"https:\/\/www.famigliaaperta.it\/it\/wp-json\/wp\/v2\/posts\/656\/revisions\/659"}],"wp:featuredmedia":[{"embeddable":true,"href":"https:\/\/www.famigliaaperta.it\/it\/wp-json\/wp\/v2\/media\/660"}],"wp:attachment":[{"href":"https:\/\/www.famigliaaperta.it\/it\/wp-json\/wp\/v2\/media?parent=656"}],"wp:term":[{"taxonomy":"category","embeddable":true,"href":"https:\/\/www.famigliaaperta.it\/it\/wp-json\/wp\/v2\/categories?post=656"},{"taxonomy":"post_tag","embeddable":true,"href":"https:\/\/www.famigliaaperta.it\/it\/wp-json\/wp\/v2\/tags?post=656"}],"curies":[{"name":"wp","href":"https:\/\/api.w.org\/{rel}","templated":true}]}}