{"id":662,"date":"2019-07-10T22:42:03","date_gmt":"2019-07-10T20:42:03","guid":{"rendered":"http:\/\/www.famigliaaperta.it\/it\/?p=662"},"modified":"2022-03-10T14:26:04","modified_gmt":"2022-03-10T13:26:04","slug":"assemblea-ordinaria-dei-soci-2019-verbale","status":"publish","type":"post","link":"https:\/\/www.famigliaaperta.it\/it\/2019\/07\/10\/assemblea-ordinaria-dei-soci-2019-verbale\/","title":{"rendered":"Assemblea ordinaria dei soci 2019: verbale"},"content":{"rendered":"<p><strong>\u00a0<\/strong>Il <strong>23 giugno 2019<\/strong>, alle ore 18,00, <a href=\"http:\/\/www.famigliaaperta.it\/it\/2019\/06\/15\/assemblea-annuale-1019\/\" target=\"_blank\" rel=\"noopener\">in seconda convocazione<\/a>, presso la sede in via Dante Alighieri 41\/a, Comune Vicopisano, si \u00e8 riunita l\u2019<strong>Assemblea ordinaria dell\u2019Associazione Famiglia Aperta<\/strong>, come da avviso inviato agli associati in data 14 giugno 2019, per discutere e deliberare sul seguente<\/p>\n<p style=\"text-align: center;\">ORDINE DEL GIORNO<\/p>\n<ul>\n<li>Approvazione del <strong>Bilancio consuntivo<\/strong> e del <strong>rendiconto 2018<\/strong><\/li>\n<li>Comunicazioni e report delle <strong>iniziative svolte<\/strong><\/li>\n<li><strong>Rapporti con i Servizi Sociali<\/strong><\/li>\n<li>Varie ed eventuali<\/li>\n<\/ul>\n<p>Su 92 iscritti sono presenti 29 associati in proprio:<\/p>\n<p>Rossella Bargellini, Antonella Biegi, Irene Bonaccorsi, Paola Caligo, Cecilia Cardella, Silvia Carniani, Antonio Casarosa, Anna Maria D&#8217;Antona, Francesca Lodolini, Riccardo Lorenzi, Wladi Lupi, Giovanna Mannucci, Angela Meucci, Gino Meucci, Raffaella Nardini, Lara Nolfo, Camilla Pantone, Cecilia Pantone, Felice Pantone, Marcella Silvana Papa, Antonio Piccioli, Antonietta Pisani, Gioia Poltronieri, Miriam Ricci, Celina Scarlatti, Giuseppe Salerno, Stefania Salerno, Eugenio Serravalle, Michele Veninata.<\/p>\n<p>e 12 per delega:<\/p>\n<p>Elena Conti, Emanuela Bertini, Maria Antonietta Delfino, Marcella Bendinelli, Daniela Gartner, Piera Cosulich, Gabriella Giuntoli, Gabriele Mannocci, Paola Pozzoli, Giovanni Lorenzi, Giulio Lorenzi, Rita Borzi.<\/p>\n<p>Il Presidente dell&#8217;Associazione, Anna Maria D&#8217;Antona, nomina segretario Giuseppe Salerno.<\/p>\n<p>Il Presidente rileva che l\u2019Assemblea \u00e8 stata regolarmente <strong>convocata<\/strong> e che il numero delle persone presenti supera quello richiesto dallo Statuto per la <strong>validit\u00e0 dell\u2019Assemblea<\/strong> di seconda convocazione.<\/p>\n<p>Il Presidente dichiara aperta la seduta.<\/p>\n<p>In premessa <strong>Raffaella <\/strong>parla dell&#8217;<strong>avvicendamento nelle cariche di Presidente e Vicepresidente tra lei ed Anna<\/strong>. L&#8217;anno passato \u00e8 stato molto faticoso e la <strong>riforma del Terzo Settore<\/strong> ha sicuramente complicato gli adempimenti e le prassi da seguire sono pi\u00f9 pesanti, quindi ha ritenuto opportuno per ora cedere la responsabilit\u00e0 della carica ad Anna che rappresenta la storia dell&#8217;associazione. Per ora lo <a href=\"http:\/\/www.famigliaaperta.it\/it\/wp-content\/uploads\/2019\/07\/Statuto-Associazione-2019.pdf\" target=\"_blank\" rel=\"noopener\">Statuto Associazione 2019<\/a>\u00a0si \u00e8 soltanto adeguato alle nuove norme, ma dobbiamo rivedere tante cose, tra cui se rimanere ODV o cambiare forma, se<strong> ottenere la personalit\u00e0 giuridica<\/strong>, controllare il numero dei soci che effettivamente partecipano alla vita dell&#8217;associazione, verificare il numero dei volontari, insomma capire in modo approfondito se e come occorre cambiare.<\/p>\n<p><strong><a href=\"http:\/\/www.famigliaaperta.it\/it\/wp-content\/uploads\/2019\/07\/assemblea-soci.jpg\"><img decoding=\"async\" loading=\"lazy\" class=\"alignright wp-image-663 size-full\" src=\"http:\/\/www.famigliaaperta.it\/it\/wp-content\/uploads\/2019\/07\/assemblea-soci.jpg\" alt=\"\" width=\"1024\" height=\"830\" srcset=\"https:\/\/www.famigliaaperta.it\/it\/wp-content\/uploads\/2019\/07\/assemblea-soci.jpg 1024w, https:\/\/www.famigliaaperta.it\/it\/wp-content\/uploads\/2019\/07\/assemblea-soci-300x243.jpg 300w, https:\/\/www.famigliaaperta.it\/it\/wp-content\/uploads\/2019\/07\/assemblea-soci-768x623.jpg 768w, https:\/\/www.famigliaaperta.it\/it\/wp-content\/uploads\/2019\/07\/assemblea-soci-676x548.jpg 676w\" sizes=\"(max-width: 1024px) 100vw, 1024px\" \/><\/a><\/strong><\/p>\n<p><strong>Anna <\/strong>ritiene che quello che ha ricordato Raffaella richieda un approfondimento e che bisogner\u00e0 chiedere la<strong> consulenza di professionisti<\/strong> che siano in grado di chiarire i molti punti\u00a0interrogativi ancora aperti. Da qui a un anno le norme saranno anche pi\u00f9 leggibili ed avranno interpretazione autentica, come \u00e8 avvenuto di recente.<\/p>\n<p><strong>Sul primo punto all&#8217;ordine del giorno, <\/strong>&#8220;approvazione del Bilancio consuntivo e del rendiconto 2018&#8221;, prende la parola <strong>Antonio Piccioli <\/strong>il quale legge la <strong>relazione sul bilancio predisposto dal Consiglio direttivo<\/strong>. Il bilancio \u00e8 di cassa e presenta un attivo consistente che \u00e8 spiegabile con l&#8217;andamento altalenante dei rimborsi fatti dagli enti pubblici, spesso indietro nei pagamenti.<\/p>\n<p><strong>Giuseppe Salerno<\/strong>, che ha materialmente preparato il bilancio, distribuisce il materiale e spiega la composizione delle varie voci. Poi ricorda che dal prossimo anno il Consiglio direttivo si rivolger\u00e0 ad un professionista per la redazione del bilancio di esercizio.<\/p>\n<blockquote><p>L\u2019Assemblea all&#8217;unanimit\u00e0 decide di approvare il <strong><a href=\"http:\/\/www.famigliaaperta.it\/it\/wp-content\/uploads\/2019\/07\/Bilancio-consuntivo-2018.pdf\" target=\"_blank\" rel=\"noopener\">Bilancio consuntivo 2018<\/a>.<\/strong> Il bilancio, la relazione e lo stato patrimoniale sono <strong>allegati al presente verbale sotto la lettera A).<\/strong><strong>\u00a0<\/strong><\/p><\/blockquote>\n<p><strong>Sul secondo punto all&#8217;ordine del giorno, <\/strong>&#8220;comunicazioni e report delle iniziative svolte&#8221;, interviene Raffaella che \u00e8 stata presidente durante tutto il 2018 prima come vice di Pilar, poi eletta dal Consiglio direttivo, la quale tra le varie attivit\u00e0 ricorda:<\/p>\n<ul>\n<li>l&#8217;incontro in San Zeno in ricordo di Pilar, molto partecipato e commovente;<\/li>\n<li>il corso di 1<sup>a<\/sup> <strong>informazione per famiglie<\/strong> che si avvicinano all&#8217;affido;<\/li>\n<li>Harry Potter da lei stessa raccontato alle Officine Garibaldi, con interessanti risvolti psicologici;<\/li>\n<li>il &#8220;<strong>Progetto Coccole<\/strong>&#8220;, che ha avuto un&#8217;ottima risposta in termini di partecipazione: 60 le domande presentate, 20 le persone gi\u00e0 formate e 20 quelle ancora da formare; ancora non \u00e8 stata firmata la convenzione tra la SdS Pisana e l&#8217;Azienda Ospedaliera e lo &#8220;Screening sulla salute&#8221; di chi dovr\u00e0 concretamente assistere i neonati;<\/li>\n<li>i &#8220;<a href=\"http:\/\/www.famigliaaperta.it\/it\/2018\/09\/01\/tre-film-in-giardino\/\" target=\"_blank\" rel=\"noopener\"><strong>film in giardino<\/strong><\/a>&#8221; a Caprona e poi quest&#8217;anno presso il &#8220;Cinema Arsenale&#8221;, che hanno avuto un&#8217;ottima risposta di pubblico, con l&#8217;avvicinamento di persone che prima non conoscevano l&#8217;Associazione;<\/li>\n<li>la presentazione del libro &#8220;A scuola di coraggio&#8221; in occasione della giornata della festa delle donne in San Zeno; l&#8217;incontro \u00e8 stato organizzato in sinergia con la Casa della giovane e con il Centro di aiuto alla<\/li>\n<\/ul>\n<p>Per i nuovi arrivati <strong>Anna <\/strong>spiega che ci si trova nel giardino della <u>Casa famiglia di Caprona<\/u>, gestita dall&#8217;Associazione. La <strong>struttura pu\u00f2 ospitare fino a 6 minori<\/strong>, mentre attualmente ce ne sono 5. La dimensione familiare \u00e8 stata una scelta espressamente voluta per dare ai minori quello di cui hanno pi\u00f9 bisogno, <strong>figure genitoriali accoglienti<\/strong>. Per 14 anni una coppia ha vissuto con i ragazzi (presenta Antonella e Fabio), poi hanno dovuto lasciare. Oggi la figura genitoriale \u00e8 rappresentata da una <strong>signora che vive con i ragazzi<\/strong> ed \u00e8 <strong>coadiuvata da una equipe di educatori e psicologi<\/strong>.<\/p>\n<p>Quando i ragazzi, ormai maggiorenni, escono dalla struttura i Servizi Sociali non se ne occupano pi\u00f9, come se a quell&#8217;et\u00e0 i nostri figli fossero abbandonati per strada e dovessero cavarsela da soli. Per questo l&#8217;Associazione ha maturato l&#8217;idea del &#8220;<u>Progetto verso<\/u> <u>l&#8217;autonomia<\/u>&#8220;, che ha lo scopo di seguire questi ragazzi aiutandoli e supportandoli. Per fare qualche esempio: abbiamo aiutato una ragazza ad organizzare il suo matrimonio e Fabio le ha fatto da &#8220;padre&#8221;, accompagnandola all&#8217;altare; aiutiamo <strong>economicamente le famiglie<\/strong> che hanno in carico i ragazzi; forniamo <strong>assistenza psicologica<\/strong> ad alcuni di loro; aiutiamo quelli che vogliono iscriversi all&#8217;universit\u00e0 e quelli che cercano lavoro.<\/p>\n<p><strong>Simone Ciulla <\/strong>spiega l&#8217;intervento che l&#8217;Associazione ha effettuato in questi anni in collaborazione con i Servizi Sociali di Livorno. Ormai siamo al 4\u00b0 anno di <strong>Convenzione con il\u00a0Comune di Livorno e la SdS delle Valli Etrusche<\/strong>. Le attivit\u00e0 svolte spaziano dal sostegno ai nuclei affidatari, ai progetti di sensibilizzazione all&#8217;affido, alla conduzione di gruppi di parola per i bambini, a momenti di sensibilizzazione sul territorio.<\/p>\n<p>La risposta delle famiglie \u00e8 stata significativa e, proprio oggi, \u00e8 presente una coppia che ha gi\u00e0 collaborato durante la <a href=\"http:\/\/www.famigliaaperta.it\/it\/2019\/03\/16\/il-grande-cinema-a-pisa-laffido-familiare-raccontato-da-grandi-registi\/\" target=\"_blank\" rel=\"noopener\">proiezione dei film al cinema Arsenale<\/a>.<\/p>\n<blockquote><p><strong>Sul terzo punto all&#8217;ordine del giorno<\/strong>, i Rapporti con i Servizi Sociali, <strong>Raffaella <\/strong>riferisce sui <strong>difficili rapporti con il Centro Affid<\/strong>i. L&#8217;anno scorso avevamo avuto l&#8217;illusione di aver trovato la persona giusta, Elena Simi, una giovane A.S. proveniente da Livorno che ha cercato di condurre autonomamente il Centro Affidi. Le difficolt\u00e0 incontrate per\u00f2, dopo un periodo di difficili rapporti con i responsabili dei S.S., hanno avuto la meglio e lei \u00e8 andata via accettando un altro incarico.<\/p><\/blockquote>\n<p>Ora gli affidi ricominciano ad esserci, ma sono pi\u00f9 complicati e, oltre a richiedere maggior tempo di riflessione, vanno cercate <strong>famiglie adatte e preparate<\/strong>.<\/p>\n<p>Sarebbe importante far partire il <strong>progetto<\/strong> delle &#8220;<strong>Famiglie Ponte<\/strong>&#8220;, che si prendono in carico i piccolissimi da 0 a 1 anno.<\/p>\n<p>Dei difficili rapporti con i S.S. si \u00e8 parlato con la nuova assessora al sociale Sig.ra Gambaccini, che \u00e8 anche Presidente della SdS Pisana.<\/p>\n<p>Ricorda, infine, che il <strong>31 dicembre scade la Convenzione per Pisa<\/strong> e non sappiamo come sar\u00e0.<\/p>\n<p>Prende la parola <strong>Pietro Galliani<\/strong>, che collabora nel<strong> Progetto degli Affidi part-time della Convenzione con la SdS Pisana<\/strong>. Commenta l&#8217;affidamento alla cooperativa Agape del servizio di assistenti sociali sul territorio pisano che si occupano dei minori. Non \u00e8 detto che singolarmente le Assistenti sociali siano di minor valore, ma certo ne risente la professionalit\u00e0, tutto il gruppo non ha la minima idea di cosa sia l&#8217;affido, e la continuit\u00e0 nel servizio, non appena vincono un concorso scappano via. Questo dimostra quanto siano considerati i minori a Pisa. Comunque l&#8217;aspetto positivo \u00e8 che si pu\u00f2 influenzare la loro preparazione ad esempio mediante la supervisione che svolge l&#8217;Associazione.\u00a0Dopo un periodo molto lungo, infatti, ci sono i primi segnali di risveglio: sono stati segnalate <strong>ben 6 richieste di part-time<\/strong>.<\/p>\n<p>Per <strong>migliorare il servizio verso i minori<\/strong> occorre agire assumendo anche <strong>iniziative &#8220;politiche&#8221;<\/strong>, indipendentemente dal cambio di amministrazione. Il report sulla situazione degli affidi a Pisa, rispetto al resto della regione, \u00e8 molto importante e fa intravvedere un <strong>risparmio economico<\/strong> che pu\u00f2 essere la leva per invogliare gli amministratori a cambiare. Sar\u00e0 in meglio? La complessit\u00e0 \u00e8 la cifra del nostro domani.<\/p>\n<p>Occorre <strong>entrare in relazione con altre associazioni<\/strong>, fare gruppo insieme per esserci quando \u00e8 necessario ottenere vantaggi per i minori, per farsi conoscere. Non \u00e8 possibile che a Pisa ci siano cos\u00ec pochi minori affidati e cos\u00ec tanti maltrattati.<\/p>\n<p><strong>Anna <\/strong>ricorda che da poco tempo \u00e8 stato nominato il nuovo Direttore della SdS Pisana, Dott.ssa Sabina Ghilli. Dai pochi incontri avuti con lei ha intuito che si tratta di persona molto attenta a quanto si dice e professionalmente preparata, viene dalla stessa carica svolta alla SdS di Volterra. Forse non eravamo pi\u00f9 abituati ad avere riscontri immediati su quanto avevamo chiesto qualche giorno prima. Ad esempio ha comunicato che stava cercando contatti con il direttore della ASL Pisana per redigere la <strong>convenzione per il Progetto Coccole<\/strong>, e che ci avrebbe informato appena possibile. Anzi ha dato l&#8217;incarico specifico ad una persona del suo staff. Questo ci fa ben sperare!<\/p>\n<p>Purtroppo, invece, il report predisposto da Pino mette in risalto che Pisa, sia rispetto al resto della provincia che rispetto alla regione Toscana, \u00e8 in controtendenza presentando un numero di affidi in struttura doppio rispetto a quelli in famiglia affidataria.<\/p>\n<p>E&#8217; d&#8217;accordo con Raffaella sulla necessit\u00e0 di preparare <u>&#8220;Famiglie-Ponte<\/u>&#8221; per evitare che bambini da 0 a 1 anno siano confinati in strutture che, come molti studi hanno accertato,\u00a0non possono offrire lo stesso apporto affettivo di cui questi piccolissimi hanno bisogno nella prima fase della loro vita.<\/p>\n<p><strong>Irene Bonaccorsi <\/strong>chiede se le famiglie ci sono per far fronte alle eventuali segnalazioni che ci potrebbero essere. Occorre segnalare i casi con una lista mail. Preparare in anticipo le<strong> famiglie disponibili<\/strong>.<\/p>\n<p><strong>Raffaella <\/strong>risponde che l&#8217;anno scorso c&#8217;erano tante famiglie che avevano fatto il corso con noi e che erano andata al Centro affidi, ma allora non sono stati fatti affidamenti.<\/p>\n<p><strong>Anna <\/strong>ritiene che bisogna aumentare gli sforzi per attirare altre famiglie che si avvicinano all&#8217;affido, ma \u00e8 importante anche curare queste famiglie anche dopo che hanno iniziato il cammino dell&#8217;affidamento. I problemi che devono affrontare sono molteplici e non vanno lasciate da sole, con il rischio che l&#8217;esperienza diventi negativa per loro, ma principalmente per il minore loro affidato. Per questo occorre ritornare alle origini dell&#8217;Associazione, quando c&#8217;erano i <strong>Gruppi di sostegno per le famiglie affidatarie<\/strong>, che hanno portato poi alla costituzione dell&#8217;associazione.<\/p>\n<p><strong>Fabio Mord\u00e0,\u00a0<\/strong>in base alla sua esperienza, ritiene che l&#8217;arrivo di A.S. provenienti da una cooperativa non \u00e8 necessariamente un fatto negativo, anzi pu\u00f2 dare frutti positivi se queste persone vengono indirizzate correttamente ed informate sul compito da svolgere sul territorio. Non vede per\u00f2 di buon occhio la politica di risparmio che potrebbe portare l&#8217;Amministrazione comunale a tagli ulteriori.<\/p>\n<p><strong>Gioia Poltronieri <\/strong>sostiene che l&#8217;Associazione deve pretendere un Servizio Sociale all&#8217;altezza delle necessit\u00e0 dei bambini in difficolt\u00e0. Dobbiamo anche evitare che, per attuare una ordinanza siano chiamati i carabinieri ed il bimbo venga &#8220;strappato&#8221; dalla propria abitazione. Bisogna ritornare nelle scuole e informare le insegnanti delle necessit\u00e0 della segnalazione al Centro Affidi dei casi difficili che si presentano nelle classi da loro seguite. E&#8217; importante la prevenzione, senza attendere che il caso diventi difficile prima di intervenire.<\/p>\n<p><strong>Eugenio Serravalle <\/strong>ritiene che la difficolt\u00e0 di reperire nuove famiglie affidatarie \u00e8 il segnale di una societ\u00e0 malata, rivolta sempre di pi\u00f9 ai propri bisogni e sempre meno a quelli altrui. Ma i bambini sono il nostro futuro e bisogna lavorare sulla prevenzione del disagio minorile. Questo dev&#8217;essere il nostro obiettivo prioritario.<\/p>\n<p><strong>Fabio <\/strong>propone un &#8220;laboratorio di studio&#8221; per capire come mai la situazione a Pisa \u00e8 arrivata a questo punto e per approfondire quali sono i problemi dei bambini oggi.<\/p>\n<p><strong>Riccardo Lorenzi <\/strong>ricorda che l&#8217;anno scorso, presso le Officine Garibaldi, c&#8217;\u00e8 stata un&#8217;<strong>esperienza condivisa tra varie associazioni di volontariato,<\/strong> con interviste poi diffuse tramite l&#8217;emittente &#8220;Pisafonica&#8221;. L&#8217;esperienza \u00e8 stata interessante, ma le risposte sono state zero. Forse occorre riflettere a come fare le comunicazioni ed individuare mezzi migliori.\u00a0A suo avviso \u00e8 importante il collegamento tra associazioni aventi scopi sociali nel territorio Pisano e, per dare forza politica al volontariato locale, serve un&#8217;associazione che le rappresenti unitariamente. Parla di &#8220;Comunit\u00e0 sociali&#8221; con un peso politico importante.<\/p>\n<p><strong>Irene Bonaccorsi <\/strong>ricorda che quest&#8217;idea di Riccardo, in altri casi simili, ha avuto risultati deludenti. A lei piace la &#8220;politica della gente&#8221;, senza &#8220;cordate&#8221; che portano avanti interessi particolari.\u00a0E&#8217; invece d&#8217;accordo con Eugenio, sulla necessit\u00e0 di prevenire il disagio minorile, con interventi nelle scuole e nelle parrocchie.<\/p>\n<p>Il Presidente <strong>Anna Maria D&#8217;Antona, <\/strong>ringrazia tutti per l&#8217;interessante dibattito, che ha fornito molti <strong>spunti<\/strong>, di cui sicuramente il <strong>Consiglio direttivo<\/strong> si far\u00e0 carico di approfondire. Invita tutti quelli che vogliono condividere la <strong>cena<\/strong> con le cose preparate dai soci a fermarsi.<\/p>\n<p><a href=\"http:\/\/www.famigliaaperta.it\/it\/wp-content\/uploads\/2019\/07\/cana-sociale-Pisa.jpg\"><img decoding=\"async\" loading=\"lazy\" class=\"aligncenter wp-image-675 size-medium\" src=\"http:\/\/www.famigliaaperta.it\/it\/wp-content\/uploads\/2019\/07\/cana-sociale-Pisa-300x225.jpg\" alt=\"\" width=\"300\" height=\"225\" srcset=\"https:\/\/www.famigliaaperta.it\/it\/wp-content\/uploads\/2019\/07\/cana-sociale-Pisa-300x225.jpg 300w, https:\/\/www.famigliaaperta.it\/it\/wp-content\/uploads\/2019\/07\/cana-sociale-Pisa-768x576.jpg 768w, https:\/\/www.famigliaaperta.it\/it\/wp-content\/uploads\/2019\/07\/cana-sociale-Pisa-676x507.jpg 676w, https:\/\/www.famigliaaperta.it\/it\/wp-content\/uploads\/2019\/07\/cana-sociale-Pisa.jpg 915w\" sizes=\"(max-width: 300px) 100vw, 300px\" \/><\/a><\/p>\n<p>Null&#8217;altro essendoci da deliberare, il Presidente dichiara sciolta l\u2019Assemblea alle ore 19,30.<\/p>\n","protected":false},"excerpt":{"rendered":"<p>\u00a0Il 23 giugno 2019, alle ore 18,00, in seconda convocazione, presso la sede in via Dante Alighieri 41\/a, Comune Vicopisano, si \u00e8 riunita l\u2019Assemblea ordinaria dell\u2019Associazione Famiglia Aperta, come da avviso inviato agli associati in data 14 giugno 2019, per discutere e deliberare sul seguente ORDINE DEL GIORNO Approvazione del Bilancio consuntivo e del rendiconto &hellip; <a href=\"https:\/\/www.famigliaaperta.it\/it\/2019\/07\/10\/assemblea-ordinaria-dei-soci-2019-verbale\/\" class=\"more-link\">Leggi tutto <span class=\"screen-reader-text\">Assemblea ordinaria dei soci 2019: verbale<\/span><\/a><\/p>\n","protected":false},"author":1,"featured_media":670,"comment_status":"closed","ping_status":"open","sticky":false,"template":"","format":"standard","meta":[],"categories":[1],"tags":[76,74,60,80,68,117],"_links":{"self":[{"href":"https:\/\/www.famigliaaperta.it\/it\/wp-json\/wp\/v2\/posts\/662"}],"collection":[{"href":"https:\/\/www.famigliaaperta.it\/it\/wp-json\/wp\/v2\/posts"}],"about":[{"href":"https:\/\/www.famigliaaperta.it\/it\/wp-json\/wp\/v2\/types\/post"}],"author":[{"embeddable":true,"href":"https:\/\/www.famigliaaperta.it\/it\/wp-json\/wp\/v2\/users\/1"}],"replies":[{"embeddable":true,"href":"https:\/\/www.famigliaaperta.it\/it\/wp-json\/wp\/v2\/comments?post=662"}],"version-history":[{"count":10,"href":"https:\/\/www.famigliaaperta.it\/it\/wp-json\/wp\/v2\/posts\/662\/revisions"}],"predecessor-version":[{"id":681,"href":"https:\/\/www.famigliaaperta.it\/it\/wp-json\/wp\/v2\/posts\/662\/revisions\/681"}],"wp:featuredmedia":[{"embeddable":true,"href":"https:\/\/www.famigliaaperta.it\/it\/wp-json\/wp\/v2\/media\/670"}],"wp:attachment":[{"href":"https:\/\/www.famigliaaperta.it\/it\/wp-json\/wp\/v2\/media?parent=662"}],"wp:term":[{"taxonomy":"category","embeddable":true,"href":"https:\/\/www.famigliaaperta.it\/it\/wp-json\/wp\/v2\/categories?post=662"},{"taxonomy":"post_tag","embeddable":true,"href":"https:\/\/www.famigliaaperta.it\/it\/wp-json\/wp\/v2\/tags?post=662"}],"curies":[{"name":"wp","href":"https:\/\/api.w.org\/{rel}","templated":true}]}}