{"id":834,"date":"2020-01-22T21:57:58","date_gmt":"2020-01-22T20:57:58","guid":{"rendered":"http:\/\/www.famigliaaperta.it\/it\/?p=834"},"modified":"2022-03-10T14:22:16","modified_gmt":"2022-03-10T13:22:16","slug":"allontanamento-zero","status":"publish","type":"post","link":"https:\/\/www.famigliaaperta.it\/it\/2020\/01\/22\/allontanamento-zero\/","title":{"rendered":"Allontanamento Zero"},"content":{"rendered":"<p>Oggi \u00e8 stato presentato il <a href=\"https:\/\/www.tavolonazionaleaffido.it\/2020\/01\/22\/comunicato-sui-disegni-di-legge-regionali-allontanamento-zero\/\" target=\"_blank\" rel=\"noopener\">comunicato stampa<\/a> a cura del <strong>Tavolo Nazionale Affido<\/strong> sul disegno di legge regionale piemontese denominato \u201c<strong>Allontanamento Zero<\/strong>\u201d, riproposto con lo stesso titolo anche in Emilia Romagna, .<\/p>\n<p><strong>COMUNICATO SUI DISEGNI DI LEGGE REGIONALI: \u201cALLONTANAMENTO ZERO\u201d<\/strong><\/p>\n<p>Il Tavolo Nazionale Affido esprime una <strong>forte preoccupazione<\/strong> in merito al Disegno di Legge Regionale piemontese presentato dall&#8217;Assessore alle Politiche della Famiglia, dei Bambini e della Casa, Sociale, Pari Opportunit\u00e0 Chiara Caucino e in seguito proposto con lo stesso titolo in Emilia Romagna dal consigliere regionale Michele Facci e chiede invece alle Regioni e agli enti preposti, di basare i propri interventi sui\u00a0<a href=\"https:\/\/www.tavolonazionaleaffido.it\/wp-content\/uploads\/2019\/11\/Cinque-principi-per-il-diritto-dei-bambini-a-crescere-in-famiglia.pdf\" target=\"_blank\" rel=\"noreferrer noopener\" aria-label=\"&quot;Cinque Principi per rimettere al centro il diritto dei bambini a crescere in famiglia&quot; promossi nel documento del novembre 2019. (apre in una nuova scheda)\">\u201cCinque Principi per rimettere al centro il diritto dei bambini a crescere in famiglia\u201d promossi nel documento del novembre 2019.<\/a><\/p>\n<p>Nello specifico del DDLR, sulla base dell\u2019esperienza delle associazioni del Tavolo, si sottolinea che:<\/p>\n<ul>\n<li>nella realt\u00e0 dei fatti la <strong>povert\u00e0 economica non \u00e8 il presupposto per l\u2019allontanamento<\/strong>: non \u00e8 sostenibile affermare che gli allontanamenti si possano evitare solo sostenendo economicamente le famiglie.<\/li>\n<li>l\u2019allontanamento di bambini e ragazzi viene disposto come extrema ratio dai servizi sociali e a loro tutela, non certo per indigenza dei genitori.<\/li>\n<li>la <strong>prevenzione \u00e8 necessaria<\/strong> e va intesa per\u00f2 come l\u2019attivazione di quelle misure e interventi tesi a rimuovere, se possibile, le cause che portano all&#8217;allontanamento e non l\u2019allontanamento in s\u00e9.<\/li>\n<li>gli<strong> interventi di supporto alla famiglia di origine<\/strong> sono fondamentali e prioritari, ma qualora le situazioni di vulnerabilit\u00e0 e problematicit\u00e0 familiare mettano a rischio il benessere e preminente interesse dei minorenni deve essere messa in campo una <strong>tutela adeguata<\/strong>. L\u2019affido familiare concilia bene la necessit\u00e0 di <strong>mettere in protezione un bambino<\/strong> o un ragazzo con quello di <strong>offrire un aiuto alla sua famiglia di origine<\/strong>.<\/li>\n<\/ul>\n<p><a href=\"http:\/\/www.famigliaaperta.it\/it\/wp-content\/uploads\/2020\/01\/Tavolo-Nazionale-Affido.png\"><img decoding=\"async\" loading=\"lazy\" class=\" wp-image-836 aligncenter\" src=\"http:\/\/www.famigliaaperta.it\/it\/wp-content\/uploads\/2020\/01\/Tavolo-Nazionale-Affido.png\" alt=\"\" width=\"230\" height=\"230\" srcset=\"https:\/\/www.famigliaaperta.it\/it\/wp-content\/uploads\/2020\/01\/Tavolo-Nazionale-Affido.png 279w, https:\/\/www.famigliaaperta.it\/it\/wp-content\/uploads\/2020\/01\/Tavolo-Nazionale-Affido-150x150.png 150w\" sizes=\"(max-width: 230px) 100vw, 230px\" \/><\/a><\/p>\n<p>Il TNA appoggia e concorda con quanto espresso nel\u00a0<a href=\"https:\/\/www.tavolonazionaleaffido.it\/wp-content\/uploads\/2020\/01\/2020.Osservazioni-su-ddl-Allontanamento-0-Associazioni-Piemonte-.pdf\" target=\"_blank\" rel=\"noreferrer noopener\" aria-label=\"documento elaborato dal Tavolo delle Associazioni Familiari piemontesi (apre in una nuova scheda)\">documento elaborato dal Tavolo delle Associazioni Familiari piemontesi<\/a>\u00a0che in 11 punti argomenta la contrariet\u00e0 al DDLR\u00a0e mette in luce osservazioni importanti che rimettono al <strong>centro il minore come portatore di diritti,<\/strong> confermano il suo <strong>diritto ad una famiglia<\/strong> e valorizzano l\u2019<strong>affido familiare<\/strong>.<\/p>\n<p><strong>LE ASSOCIAZIONI\/RETI DEL TAVOLO NAZIONALE AFFIDOAIBI\u00a0<\/strong><em>(Associazione Amici dei Bambini),\u00a0<\/em><strong>ANFAA\u00a0<\/strong><em>(Associazione Nazionale Famiglie Adottive e Affidatarie),\u00a0<\/em><strong>Ass. COMETA, Ass. COMUNIT\u00c0 PAPA GIOVANNI XXIII<\/strong>,\u00a0<strong>Ass. FAMIGLIE PER L\u2019ACCOGLIENZA<\/strong><em>,\u00a0<\/em><strong>Ass. Naz. FAMIGLIE NUMEROSE,<\/strong><em>\u00a0<\/em><strong>CAM\u00a0<\/strong><em>(Centro Ausiliario per i problemi minorili),\u00a0<\/em><strong>CNCA\u00a0<\/strong><em>(Coordinamento Nazionale Comunit\u00e0 di Accoglienza),\u00a0<\/em><strong>Coord. AFFIDO ROMA\u00a0<\/strong><em>(Coordinamento degli Organismi del Privato Sociale iscritti all\u2019albo per l\u2019affido del Comune di Roma),\u00a0<\/em><strong>Coordinamento CARE, COREMI \u2013 FVG\u00a0<\/strong><em>(Coordinamento Regionale Tutela Minori del Friuli Venezia Giulia),\u00a0<\/em><strong>PROGETTO FAMIGLIA\u00a0<\/strong><em>(Federazione di enti no-profit per i minori e la famiglia),\u00a0<\/em><strong>UBI MINOR\u00a0<\/strong><em>(Coordinamento Toscano per la tutela dei diritti dei bambini e dei ragazzi),\u00a0<\/em><strong>SALESIANI PER IL SOCIALE, AFFIDAMENTO.NET Liguria\u00a0<\/strong>(gruppo osservatore)<\/p>\n<div class=\"entry-footer\">Scarica il <a href=\"https:\/\/www.tavolonazionaleaffido.it\/wp-content\/uploads\/2020\/01\/2020.CS-Allontanamento-0.pdf\" target=\"_blank\" rel=\"noopener\">documento<\/a>\u00a0ufficiale completo<\/div>\n<div>Qui invece le <a href=\"https:\/\/www.tavolonazionaleaffido.it\/wp-content\/uploads\/2020\/01\/2020.Osservazioni-su-ddl-Allontanamento-0-Associazioni-Piemonte-.pdf\" target=\"_blank\" rel=\"noopener\">Osservazioni<\/a> sul disegno di legge \u201cAllontanamento Zero\u201d\u00a0presentato alla Giunta Regionale del Piemonte dalle Associazioni regionali.<\/div>\n<div><a href=\"http:\/\/www.famigliaaperta.it\/it\/wp-content\/uploads\/2020\/01\/Affido-familiare.jpg\"><img decoding=\"async\" loading=\"lazy\" class=\"alignnone size-full wp-image-843\" src=\"http:\/\/www.famigliaaperta.it\/it\/wp-content\/uploads\/2020\/01\/Affido-familiare.jpg\" alt=\"\" width=\"943\" height=\"539\" srcset=\"https:\/\/www.famigliaaperta.it\/it\/wp-content\/uploads\/2020\/01\/Affido-familiare.jpg 943w, https:\/\/www.famigliaaperta.it\/it\/wp-content\/uploads\/2020\/01\/Affido-familiare-300x171.jpg 300w, https:\/\/www.famigliaaperta.it\/it\/wp-content\/uploads\/2020\/01\/Affido-familiare-768x439.jpg 768w, https:\/\/www.famigliaaperta.it\/it\/wp-content\/uploads\/2020\/01\/Affido-familiare-676x386.jpg 676w\" sizes=\"(max-width: 943px) 100vw, 943px\" \/><\/a><\/div>\n","protected":false},"excerpt":{"rendered":"<p>Oggi \u00e8 stato presentato il comunicato stampa a cura del Tavolo Nazionale Affido sul disegno di legge regionale piemontese denominato \u201cAllontanamento Zero\u201d, riproposto con lo stesso titolo anche in Emilia Romagna, . COMUNICATO SUI DISEGNI DI LEGGE REGIONALI: \u201cALLONTANAMENTO ZERO\u201d Il Tavolo Nazionale Affido esprime una forte preoccupazione in merito al Disegno di Legge Regionale &hellip; <a href=\"https:\/\/www.famigliaaperta.it\/it\/2020\/01\/22\/allontanamento-zero\/\" class=\"more-link\">Leggi tutto <span class=\"screen-reader-text\">Allontanamento Zero<\/span><\/a><\/p>\n","protected":false},"author":1,"featured_media":0,"comment_status":"closed","ping_status":"open","sticky":false,"template":"","format":"standard","meta":[],"categories":[1],"tags":[74,117,88,89],"_links":{"self":[{"href":"https:\/\/www.famigliaaperta.it\/it\/wp-json\/wp\/v2\/posts\/834"}],"collection":[{"href":"https:\/\/www.famigliaaperta.it\/it\/wp-json\/wp\/v2\/posts"}],"about":[{"href":"https:\/\/www.famigliaaperta.it\/it\/wp-json\/wp\/v2\/types\/post"}],"author":[{"embeddable":true,"href":"https:\/\/www.famigliaaperta.it\/it\/wp-json\/wp\/v2\/users\/1"}],"replies":[{"embeddable":true,"href":"https:\/\/www.famigliaaperta.it\/it\/wp-json\/wp\/v2\/comments?post=834"}],"version-history":[{"count":7,"href":"https:\/\/www.famigliaaperta.it\/it\/wp-json\/wp\/v2\/posts\/834\/revisions"}],"predecessor-version":[{"id":845,"href":"https:\/\/www.famigliaaperta.it\/it\/wp-json\/wp\/v2\/posts\/834\/revisions\/845"}],"wp:attachment":[{"href":"https:\/\/www.famigliaaperta.it\/it\/wp-json\/wp\/v2\/media?parent=834"}],"wp:term":[{"taxonomy":"category","embeddable":true,"href":"https:\/\/www.famigliaaperta.it\/it\/wp-json\/wp\/v2\/categories?post=834"},{"taxonomy":"post_tag","embeddable":true,"href":"https:\/\/www.famigliaaperta.it\/it\/wp-json\/wp\/v2\/tags?post=834"}],"curies":[{"name":"wp","href":"https:\/\/api.w.org\/{rel}","templated":true}]}}