{"id":971,"date":"2020-11-08T19:09:04","date_gmt":"2020-11-08T18:09:04","guid":{"rendered":"http:\/\/www.famigliaaperta.it\/it\/?p=971"},"modified":"2022-03-10T14:17:24","modified_gmt":"2022-03-10T13:17:24","slug":"borsa-di-studio-in-ricordo-di-pilar","status":"publish","type":"post","link":"https:\/\/www.famigliaaperta.it\/it\/2020\/11\/08\/borsa-di-studio-in-ricordo-di-pilar\/","title":{"rendered":"Borsa di studio in ricordo di Pilar"},"content":{"rendered":"<p><b><i>\u201cSe un bambino vive\u00a0<\/i><\/b><b><i>l\u2019accoglienza e l\u2019amicizia,\u00a0<\/i><\/b><b><i>impara a trovare l\u2019amore nel mondo\u201d<\/i><\/b><\/p>\n<p><span style=\"font-weight: 400;\">Annamaria Columbu, detta <strong>Pilar<\/strong>, \u00e8 stata con alcuni amici la fondatrice dell\u2019Associazione Famiglia Aperta, che dal 1993 promuove la <strong>cultura dell\u2019accoglienza<\/strong> attraverso l\u2019<strong>affido familiare nei confronti di bambini e ragazzi provenienti da famiglie in difficolt\u00e0<\/strong>, per dar loro una <strong>speranza di crescita serena<\/strong>.<\/span><\/p>\n<p><span style=\"font-weight: 400;\">Le persone che l\u2019hanno conosciuta ne ricordano la profonda forza d\u2019animo, la vivace intelligenza e la generosa disponibilit\u00e0 verso gli altri.<\/span><\/p>\n<p><span style=\"font-weight: 400;\">L\u2019Associazione, per ricordare il suo esempio e il suo grande <strong>impegno nell\u2019offrire la possibilit\u00e0 ad ogni bambino di trovare un ambiente accogliente<\/strong> in cui diventare grande,\u00a0 ha istituito una <strong>Borsa di Studio<\/strong> che consenta a ragazzi e giovani, che si impegnano in vario modo verso i minori, di realizzare il loro desiderio.<\/span><\/p>\n<p><a href=\"http:\/\/www.famigliaaperta.it\/it\/wp-content\/uploads\/2020\/11\/Pilar.png\"><img decoding=\"async\" loading=\"lazy\" class=\"size-full wp-image-973 aligncenter\" src=\"http:\/\/www.famigliaaperta.it\/it\/wp-content\/uploads\/2020\/11\/Pilar.png\" alt=\"\" width=\"301\" height=\"254\" srcset=\"https:\/\/www.famigliaaperta.it\/it\/wp-content\/uploads\/2020\/11\/Pilar.png 301w, https:\/\/www.famigliaaperta.it\/it\/wp-content\/uploads\/2020\/11\/Pilar-300x253.png 300w\" sizes=\"(max-width: 301px) 100vw, 301px\" \/><\/a><span style=\"font-weight: 400;\">La borsa di studio verr\u00e0 assegnata, a giudizio del Consiglio Direttivo dell\u2019Associazione, in base ai criteri di:<\/span><\/p>\n<ul>\n<li style=\"font-weight: 400;\"><span style=\"font-weight: 400;\">impegno in attivit\u00e0 di sostegno e solidariet\u00e0 verso minori in difficolt\u00e0,<\/span><\/li>\n<li style=\"font-weight: 400;\"><span style=\"font-weight: 400;\">impegno in studi indirizzati a promuovere e salvaguardare i diritti dei minori,<\/span><\/li>\n<li style=\"font-weight: 400;\"><span style=\"font-weight: 400;\">difficolt\u00e0 ambientali in cui operano nei confronti di minori in situazioni di grave trascuratezza,<\/span><\/li>\n<\/ul>\n<p><span style=\"font-weight: 400;\">Famiglia Aperta da tanti anni condivide i suoi obiettivi con l\u2019<strong>Associazione AFA<\/strong>, fondata 25 anni fa da Padre Arturo Paoli a Foz do Igua\u00e7u in Brasile, che opera nelle favelas con progetti sociali rivolti alle comunit\u00e0 pi\u00f9 disagiate e ai tanti minori in situazioni di grave trascuratezza.<\/span><\/p>\n<p><span style=\"font-weight: 400;\">Per questo motivo il Consiglio Direttivo ha deciso di attribuire la Borsa di studio di euro 1.500 per l\u2019<strong>anno 2020<\/strong> ad una ragazza dell\u2019associazione AFA, per consentirle di realizzare il suo desiderio, che ha espresso in questa frase:<\/span><\/p>\n<blockquote><p><i><span style=\"font-weight: 400;\">Mi chiamo C<strong>laudia Souza dos Santos,<\/strong> sono una ragazza di 37 anni e da 8 mesi faccio parte dell&#8217;Associazione Fraternidade Alian\u00e7a. Quest&#8217;anno ho deciso di tornare a studiare per qualificarmi al servizio e per servire le persone con cui lavoriamo e anche quelle che vengono da noi. Sento di essere grata di poter essere parte di un lavoro che cerca di <strong>promuovere e salvare la dignit\u00e0 della persona umana<\/strong>.\u00a0<\/span><\/i><\/p><\/blockquote>\n<p><a href=\"http:\/\/www.famigliaaperta.it\/it\/wp-content\/uploads\/2020\/11\/Logo.jpg\"><img decoding=\"async\" loading=\"lazy\" class=\" wp-image-974 alignright\" src=\"http:\/\/www.famigliaaperta.it\/it\/wp-content\/uploads\/2020\/11\/Logo.jpg\" alt=\"\" width=\"218\" height=\"130\" srcset=\"https:\/\/www.famigliaaperta.it\/it\/wp-content\/uploads\/2020\/11\/Logo.jpg 596w, https:\/\/www.famigliaaperta.it\/it\/wp-content\/uploads\/2020\/11\/Logo-300x179.jpg 300w\" sizes=\"(max-width: 218px) 100vw, 218px\" \/><\/a><\/p>\n<p><a href=\"http:\/\/www.famigliaaperta.it\/it\/wp-content\/uploads\/2020\/11\/Fraternitade.png\"><img decoding=\"async\" loading=\"lazy\" class=\"alignnone wp-image-975\" src=\"http:\/\/www.famigliaaperta.it\/it\/wp-content\/uploads\/2020\/11\/Fraternitade.png\" alt=\"\" width=\"284\" height=\"117\" \/><\/a><\/p>\n","protected":false},"excerpt":{"rendered":"<p>\u201cSe un bambino vive\u00a0l\u2019accoglienza e l\u2019amicizia,\u00a0impara a trovare l\u2019amore nel mondo\u201d Annamaria Columbu, detta Pilar, \u00e8 stata con alcuni amici la fondatrice dell\u2019Associazione Famiglia Aperta, che dal 1993 promuove la cultura dell\u2019accoglienza attraverso l\u2019affido familiare nei confronti di bambini e ragazzi provenienti da famiglie in difficolt\u00e0, per dar loro una speranza di crescita serena. Le &hellip; <a href=\"https:\/\/www.famigliaaperta.it\/it\/2020\/11\/08\/borsa-di-studio-in-ricordo-di-pilar\/\" class=\"more-link\">Leggi tutto <span class=\"screen-reader-text\">Borsa di studio in ricordo di Pilar<\/span><\/a><\/p>\n","protected":false},"author":1,"featured_media":0,"comment_status":"closed","ping_status":"open","sticky":false,"template":"","format":"standard","meta":[],"categories":[1],"tags":[74,106,117],"_links":{"self":[{"href":"https:\/\/www.famigliaaperta.it\/it\/wp-json\/wp\/v2\/posts\/971"}],"collection":[{"href":"https:\/\/www.famigliaaperta.it\/it\/wp-json\/wp\/v2\/posts"}],"about":[{"href":"https:\/\/www.famigliaaperta.it\/it\/wp-json\/wp\/v2\/types\/post"}],"author":[{"embeddable":true,"href":"https:\/\/www.famigliaaperta.it\/it\/wp-json\/wp\/v2\/users\/1"}],"replies":[{"embeddable":true,"href":"https:\/\/www.famigliaaperta.it\/it\/wp-json\/wp\/v2\/comments?post=971"}],"version-history":[{"count":4,"href":"https:\/\/www.famigliaaperta.it\/it\/wp-json\/wp\/v2\/posts\/971\/revisions"}],"predecessor-version":[{"id":979,"href":"https:\/\/www.famigliaaperta.it\/it\/wp-json\/wp\/v2\/posts\/971\/revisions\/979"}],"wp:attachment":[{"href":"https:\/\/www.famigliaaperta.it\/it\/wp-json\/wp\/v2\/media?parent=971"}],"wp:term":[{"taxonomy":"category","embeddable":true,"href":"https:\/\/www.famigliaaperta.it\/it\/wp-json\/wp\/v2\/categories?post=971"},{"taxonomy":"post_tag","embeddable":true,"href":"https:\/\/www.famigliaaperta.it\/it\/wp-json\/wp\/v2\/tags?post=971"}],"curies":[{"name":"wp","href":"https:\/\/api.w.org\/{rel}","templated":true}]}}